{"id":5912,"date":"2017-05-21T22:01:00","date_gmt":"2017-05-22T01:01:00","guid":{"rendered":"http:\/\/blogdoedvaldomagalhaes.com.br\/index.php\/2017\/05\/21\/central-perde-para-o-souza-pb-na\/"},"modified":"2019-02-09T01:27:46","modified_gmt":"2019-02-09T03:27:46","slug":"central-perde-para-o-souza-pb-na","status":"publish","type":"post","link":"https:\/\/blogdoedvaldomagalhaes.com.br\/index.php\/2017\/05\/21\/central-perde-para-o-souza-pb-na\/","title":{"rendered":"Central perde para o Souza-PB na estreia da S\u00e9rie D"},"content":{"rendered":"<div class=\"separator\" style=\"clear: both; text-align: center;\">\n<a href=\"https:\/\/4.bp.blogspot.com\/-mZlpvK7M0Lk\/WSIMdHOXfkI\/AAAAAAAAV8k\/4IKPId0wQfcXYw1NjBZ-tcz3fru7hYjNgCLcB\/s1600\/IMG-20170521-WA0025.jpg\" imageanchor=\"1\" style=\"margin-left: 1em; margin-right: 1em;\"><img loading=\"lazy\" decoding=\"async\" border=\"0\" height=\"240\" src=\"http:\/\/blogdoedvaldomagalhaes.com.br\/wp-content\/uploads\/2017\/05\/IMG-20170521-WA0025.jpg\" width=\"400\" \/><\/a><\/div>\n<div class=\"separator\" style=\"clear: both; text-align: justify;\">\n<\/div>\n<div class=\"separator\" style=\"clear: both; text-align: justify;\">\nO Central estreou na S\u00e9rie D perdendo por 2 a 0 para o Souza, no sert\u00e3o paraibano, neste domingo (21). Os gols foram marcados por Thiago Almeida aos 26 do 1\u00ba tempo e aos 32 minutos do 2\u00ba tempo Daniel Cai\u00e7ara (ex-Porto e Central). Renda R$ 31.650,00 e p\u00fablico de 3.147.&nbsp;<\/div>\n<div class=\"separator\" style=\"clear: both; text-align: justify;\">\n<\/div>\n<div class=\"separator\" style=\"clear: both; text-align: justify;\">\nArbitro Zandick Gondim (RN), auxiliado por M\u00e1rcio Freire (PB) e Jos\u00e9 Maria de Lucena (PB).<\/div>\n<div class=\"separator\" style=\"clear: both; text-align: justify;\">\n<\/div>\n<div class=\"separator\" style=\"clear: both; text-align: justify;\">\nO Souza venceu com Pantera, Iran, Eduardo, Renan e Josivan; Gleidson; Liniker, Thiago Almeida (Birungueta) e Gilmar (Iza\u00edas); Daniel Cai\u00e7ara (Rodrigo Poty) e Paulinho Mossor\u00f3. T\u00e9cnico: \u00cdndio.<\/div>\n<div class=\"separator\" style=\"clear: both; text-align: justify;\">\n<\/div>\n<div class=\"separator\" style=\"clear: both; text-align: justify;\">\nO Central perdeu com Marcelo Bonan, Polegar, Emerson, F\u00e1bio Silva e Altemar; Agenor, Vagner Rosa, Anderson Preto (Robinho), Azul (Almir Dias), Dod\u00f4 (Marquinhos) e Jailson. T\u00e9cnico: \u00c1lvaro Gaia.<\/div>\n<div class=\"separator\" style=\"clear: both; text-align: justify;\">\n<\/div>\n<div class=\"separator\" style=\"clear: both; text-align: justify;\">\nPelo grupo do Central, no interior alagoano o Coruripe perdeu para o Juazeirense por 3&#215;2, no Est\u00e1dio Gerson Amaral.<\/div>\n<div class=\"separator\" style=\"clear: both; text-align: justify;\">\n<\/div>\n<div class=\"separator\" style=\"clear: both; text-align: justify;\">\nO Grupo A7 tem sequ\u00eancia no pr\u00f3ximo s\u00e1bado (27), \u00e0s 18h, com o jogo Juazeirense x Souza-PB. J\u00e1 no domingo (28), o Central recebe o Coruripe, \u00e0s 16h, no Lacerd\u00e3o.<\/div>\n<div class=\"separator\" style=\"clear: both; text-align: justify;\">\n<\/div>\n<div class=\"separator\" style=\"clear: both; text-align: center;\">\n<a href=\"http:\/\/blogdoedvaldomagalhaes.com.br\/wp-content\/uploads\/2017\/05\/4-C393tica-19.jpg\" imageanchor=\"1\" style=\"clear: left; float: left; margin-bottom: 1em; margin-right: 1em;\"><img decoding=\"async\" border=\"0\" src=\"http:\/\/blogdoedvaldomagalhaes.com.br\/wp-content\/uploads\/2017\/05\/4-C393tica-19.jpg\" \/><\/a><\/div>\n<div class=\"separator\" style=\"clear: both; text-align: justify;\">\n<\/div>\n","protected":false},"excerpt":{"rendered":"<p>O Central estreou na S\u00e9rie D perdendo por 2 a 0 para o Souza, no sert\u00e3o paraibano, neste domingo (21).&hellip;<\/p>\n","protected":false},"author":1,"featured_media":0,"comment_status":"open","ping_status":"open","sticky":false,"template":"","format":"standard","meta":{"footnotes":""},"categories":[1],"tags":[2,7938,3],"class_list":["post-5912","post","type-post","status-publish","format-standard","hentry","category-sem-categoria","tag-blog-do-edvaldo-magalhaes","tag-central-perde-para-o-souza-pb-na-estreia-da-serie-d","tag-futebol"],"_links":{"self":[{"href":"https:\/\/blogdoedvaldomagalhaes.com.br\/index.php\/wp-json\/wp\/v2\/posts\/5912","targetHints":{"allow":["GET"]}}],"collection":[{"href":"https:\/\/blogdoedvaldomagalhaes.com.br\/index.php\/wp-json\/wp\/v2\/posts"}],"about":[{"href":"https:\/\/blogdoedvaldomagalhaes.com.br\/index.php\/wp-json\/wp\/v2\/types\/post"}],"author":[{"embeddable":true,"href":"https:\/\/blogdoedvaldomagalhaes.com.br\/index.php\/wp-json\/wp\/v2\/users\/1"}],"replies":[{"embeddable":true,"href":"https:\/\/blogdoedvaldomagalhaes.com.br\/index.php\/wp-json\/wp\/v2\/comments?post=5912"}],"version-history":[{"count":1,"href":"https:\/\/blogdoedvaldomagalhaes.com.br\/index.php\/wp-json\/wp\/v2\/posts\/5912\/revisions"}],"predecessor-version":[{"id":19966,"href":"https:\/\/blogdoedvaldomagalhaes.com.br\/index.php\/wp-json\/wp\/v2\/posts\/5912\/revisions\/19966"}],"wp:attachment":[{"href":"https:\/\/blogdoedvaldomagalhaes.com.br\/index.php\/wp-json\/wp\/v2\/media?parent=5912"}],"wp:term":[{"taxonomy":"category","embeddable":true,"href":"https:\/\/blogdoedvaldomagalhaes.com.br\/index.php\/wp-json\/wp\/v2\/categories?post=5912"},{"taxonomy":"post_tag","embeddable":true,"href":"https:\/\/blogdoedvaldomagalhaes.com.br\/index.php\/wp-json\/wp\/v2\/tags?post=5912"}],"curies":[{"name":"wp","href":"https:\/\/api.w.org\/{rel}","templated":true}]}}