{"id":59106,"date":"2020-07-22T16:54:08","date_gmt":"2020-07-22T19:54:08","guid":{"rendered":"https:\/\/blogdoedvaldomagalhaes.com.br\/?p=59106"},"modified":"2020-07-22T17:14:49","modified_gmt":"2020-07-22T20:14:49","slug":"dois-jovens-baleados-em-caruaru-um-morreu-e-outro-esta-no-hra","status":"publish","type":"post","link":"https:\/\/blogdoedvaldomagalhaes.com.br\/index.php\/2020\/07\/22\/dois-jovens-baleados-em-caruaru-um-morreu-e-outro-esta-no-hra\/","title":{"rendered":"Dois jovens baleados em Caruaru: um morreu e outro est\u00e1 no HRA"},"content":{"rendered":"<p style=\"text-align: justify;\">Na tarde desta quarta-feira (22), dois jovens foram alvejados por disparosde arma de fogo, na rua Ant\u00f4nio Martins, no bairro Vassoural, em Caruaru, sendo socorridos por equipes do Samu, para o Hospital Regional do Agreste. Gustavo Silva de Santana, de 19 anos, morreu, enquanto que C\u00edcero Aldecino Il\u00e1rio da Silva, de 24 anos, levou um tiro na perna, e est\u00e1 passando por procedimento na sala vermelha do HRA.<\/p>\n<p style=\"text-align: justify;\">Esse foi o 8\u00b0 homicidio no m\u00eas de julho, e 77\u00b0 no ano de 2020, em Caruaru.<\/p>\n","protected":false},"excerpt":{"rendered":"<p>Na tarde desta quarta-feira (22), dois jovens foram alvejados por disparosde arma de fogo, na rua Ant\u00f4nio Martins, no bairro&hellip;<\/p>\n","protected":false},"author":1,"featured_media":59107,"comment_status":"open","ping_status":"open","sticky":false,"template":"","format":"standard","meta":{"footnotes":""},"categories":[14121],"tags":[2,16881,18980],"class_list":["post-59106","post","type-post","status-publish","format-standard","has-post-thumbnail","hentry","category-policial","tag-blog-do-edvaldo-magalhaes","tag-caruaru-e-regiao","tag-dois-jovens-baleados-em-caruaru-um-morreu-e-outro-esta-no-hra"],"_links":{"self":[{"href":"https:\/\/blogdoedvaldomagalhaes.com.br\/index.php\/wp-json\/wp\/v2\/posts\/59106","targetHints":{"allow":["GET"]}}],"collection":[{"href":"https:\/\/blogdoedvaldomagalhaes.com.br\/index.php\/wp-json\/wp\/v2\/posts"}],"about":[{"href":"https:\/\/blogdoedvaldomagalhaes.com.br\/index.php\/wp-json\/wp\/v2\/types\/post"}],"author":[{"embeddable":true,"href":"https:\/\/blogdoedvaldomagalhaes.com.br\/index.php\/wp-json\/wp\/v2\/users\/1"}],"replies":[{"embeddable":true,"href":"https:\/\/blogdoedvaldomagalhaes.com.br\/index.php\/wp-json\/wp\/v2\/comments?post=59106"}],"version-history":[{"count":4,"href":"https:\/\/blogdoedvaldomagalhaes.com.br\/index.php\/wp-json\/wp\/v2\/posts\/59106\/revisions"}],"predecessor-version":[{"id":59113,"href":"https:\/\/blogdoedvaldomagalhaes.com.br\/index.php\/wp-json\/wp\/v2\/posts\/59106\/revisions\/59113"}],"wp:featuredmedia":[{"embeddable":true,"href":"https:\/\/blogdoedvaldomagalhaes.com.br\/index.php\/wp-json\/wp\/v2\/media\/59107"}],"wp:attachment":[{"href":"https:\/\/blogdoedvaldomagalhaes.com.br\/index.php\/wp-json\/wp\/v2\/media?parent=59106"}],"wp:term":[{"taxonomy":"category","embeddable":true,"href":"https:\/\/blogdoedvaldomagalhaes.com.br\/index.php\/wp-json\/wp\/v2\/categories?post=59106"},{"taxonomy":"post_tag","embeddable":true,"href":"https:\/\/blogdoedvaldomagalhaes.com.br\/index.php\/wp-json\/wp\/v2\/tags?post=59106"}],"curies":[{"name":"wp","href":"https:\/\/api.w.org\/{rel}","templated":true}]}}