{"id":5910,"date":"2017-05-22T10:33:00","date_gmt":"2017-05-22T13:33:00","guid":{"rendered":"http:\/\/blogdoedvaldomagalhaes.com.br\/index.php\/2017\/05\/22\/comidas-gigantes-associacao-lanca\/"},"modified":"2019-02-09T01:27:47","modified_gmt":"2019-02-09T03:27:47","slug":"comidas-gigantes-associacao-lanca","status":"publish","type":"post","link":"https:\/\/blogdoedvaldomagalhaes.com.br\/index.php\/2017\/05\/22\/comidas-gigantes-associacao-lanca\/","title":{"rendered":"Comidas Gigantes: Associa\u00e7\u00e3o lan\u00e7a programa\u00e7\u00e3o oficial hoje"},"content":{"rendered":"<div class=\"separator\" style=\"clear: both; text-align: center;\">\n<a href=\"https:\/\/3.bp.blogspot.com\/-_F_x26CjBfg\/WSK996F-OgI\/AAAAAAAAV90\/Z7dtIOri6m4gEsJ8F9F5n4BbpXYpDS7HgCLcB\/s1600\/IMG-20170508-WA0068.jpg\" imageanchor=\"1\" style=\"margin-left: 1em; margin-right: 1em;\"><img loading=\"lazy\" decoding=\"async\" border=\"0\" height=\"282\" src=\"http:\/\/blogdoedvaldomagalhaes.com.br\/wp-content\/uploads\/2017\/05\/IMG-20170508-WA0068.jpg\" width=\"400\" \/><\/a><\/div>\n<div class=\"separator\" style=\"clear: both; text-align: justify;\">\n<\/div>\n<div style=\"text-align: justify;\">\nA Associa\u00e7\u00e3o dos Idealizadores das Comidas Gigantes de Caruaru lan\u00e7a a partir das 19h desta segunda-feira &nbsp;(22), a programa\u00e7\u00e3o oficial das festas deste ano. O evento ser\u00e1 realizado na rua Bar\u00e3o de Itamarac\u00e1, no bairro Indian\u00f3polis.&nbsp;<\/p>\n<p><\/p>\n<div class=\"separator\" style=\"clear: both; text-align: center;\">\n<a href=\"http:\/\/blogdoedvaldomagalhaes.com.br\/wp-content\/uploads\/2017\/05\/5-Saga-16.jpg\" imageanchor=\"1\" style=\"clear: left; float: left; margin-bottom: 1em; margin-right: 1em;\"><img decoding=\"async\" border=\"0\" src=\"http:\/\/blogdoedvaldomagalhaes.com.br\/wp-content\/uploads\/2017\/05\/5-Saga-16.jpg\" \/><\/a><\/div>\n<p><\/div>\n","protected":false},"excerpt":{"rendered":"<p>A Associa\u00e7\u00e3o dos Idealizadores das Comidas Gigantes de Caruaru lan\u00e7a a partir das 19h desta segunda-feira &nbsp;(22), a programa\u00e7\u00e3o oficial&hellip;<\/p>\n","protected":false},"author":1,"featured_media":0,"comment_status":"open","ping_status":"open","sticky":false,"template":"","format":"standard","meta":{"footnotes":""},"categories":[1],"tags":[7936,1527,3406,2512,6758],"class_list":["post-5910","post","type-post","status-publish","format-standard","hentry","category-sem-categoria","tag-associacao-dos-idealizadores-das-comidas-gigantes","tag-bairro-indianopolis","tag-caruaru","tag-rua-barao-de-itamaraca","tag-sao-joao"],"_links":{"self":[{"href":"https:\/\/blogdoedvaldomagalhaes.com.br\/index.php\/wp-json\/wp\/v2\/posts\/5910","targetHints":{"allow":["GET"]}}],"collection":[{"href":"https:\/\/blogdoedvaldomagalhaes.com.br\/index.php\/wp-json\/wp\/v2\/posts"}],"about":[{"href":"https:\/\/blogdoedvaldomagalhaes.com.br\/index.php\/wp-json\/wp\/v2\/types\/post"}],"author":[{"embeddable":true,"href":"https:\/\/blogdoedvaldomagalhaes.com.br\/index.php\/wp-json\/wp\/v2\/users\/1"}],"replies":[{"embeddable":true,"href":"https:\/\/blogdoedvaldomagalhaes.com.br\/index.php\/wp-json\/wp\/v2\/comments?post=5910"}],"version-history":[{"count":1,"href":"https:\/\/blogdoedvaldomagalhaes.com.br\/index.php\/wp-json\/wp\/v2\/posts\/5910\/revisions"}],"predecessor-version":[{"id":19978,"href":"https:\/\/blogdoedvaldomagalhaes.com.br\/index.php\/wp-json\/wp\/v2\/posts\/5910\/revisions\/19978"}],"wp:attachment":[{"href":"https:\/\/blogdoedvaldomagalhaes.com.br\/index.php\/wp-json\/wp\/v2\/media?parent=5910"}],"wp:term":[{"taxonomy":"category","embeddable":true,"href":"https:\/\/blogdoedvaldomagalhaes.com.br\/index.php\/wp-json\/wp\/v2\/categories?post=5910"},{"taxonomy":"post_tag","embeddable":true,"href":"https:\/\/blogdoedvaldomagalhaes.com.br\/index.php\/wp-json\/wp\/v2\/tags?post=5910"}],"curies":[{"name":"wp","href":"https:\/\/api.w.org\/{rel}","templated":true}]}}