{"id":5909,"date":"2017-05-22T13:40:00","date_gmt":"2017-05-22T16:40:00","guid":{"rendered":"http:\/\/blogdoedvaldomagalhaes.com.br\/index.php\/2017\/05\/22\/saiba-qual-o-quadro-de-saude-de\/"},"modified":"2019-02-09T01:27:48","modified_gmt":"2019-02-09T03:27:48","slug":"saiba-qual-o-quadro-de-saude-de","status":"publish","type":"post","link":"https:\/\/blogdoedvaldomagalhaes.com.br\/index.php\/2017\/05\/22\/saiba-qual-o-quadro-de-saude-de\/","title":{"rendered":"Saiba qual o quadro de sa\u00fade de Geraldinho"},"content":{"rendered":"<div class=\"separator\" style=\"clear: both; text-align: center;\">\n<a href=\"https:\/\/2.bp.blogspot.com\/-wMoDL3hHzz8\/WSLpHZnI6dI\/AAAAAAAAV-U\/pUzgzKh1Dn0S-0lvjlb0LFw7AtZ_QpzBwCLcB\/s1600\/geraldibnho.jpg\" imageanchor=\"1\" style=\"margin-left: 1em; margin-right: 1em;\"><img loading=\"lazy\" decoding=\"async\" border=\"0\" height=\"400\" src=\"http:\/\/blogdoedvaldomagalhaes.com.br\/wp-content\/uploads\/2017\/05\/geraldibnho.jpg\" width=\"300\" \/><\/a><\/div>\n<div class=\"separator\" style=\"clear: both; text-align: center;\">\n<\/div>\n<div class=\"separator\" style=\"clear: both; text-align: justify;\">\nA reportagem do Blog conversou com um membro da fam\u00edlia de Geraldo Jos\u00e9 da Silva Filho (Geraldinho), \u00fanico sobrevivente da fam\u00edlia que foi v\u00edtima de latroc\u00ednio no s\u00edtio Lagoa do Paulista, zona rural de Caruaru. Ele ficou sabendo atrav\u00e9s do Padre Luiz Ant\u00f4nio, que esteve no hospital em Recife, que os seus pais e a irm\u00e3 est\u00e3o mortos. Geraldinho teve um bra\u00e7o amputado, e est\u00e1 se recuperando bem, na enfermaria do Hospital da Restaura\u00e7\u00e3o (HR).<\/div>\n<div class=\"separator\" style=\"clear: both; text-align: justify;\">\n<\/div>\n<div class=\"separator\" style=\"clear: both; text-align: center;\">\n<a href=\"http:\/\/blogdoedvaldomagalhaes.com.br\/wp-content\/uploads\/2017\/05\/6-STR-15.jpg\" imageanchor=\"1\" style=\"clear: left; float: left; margin-bottom: 1em; margin-right: 1em;\"><img decoding=\"async\" border=\"0\" src=\"http:\/\/blogdoedvaldomagalhaes.com.br\/wp-content\/uploads\/2017\/05\/6-STR-15.jpg\" \/><\/a><\/div>\n","protected":false},"excerpt":{"rendered":"<p>A reportagem do Blog conversou com um membro da fam\u00edlia de Geraldo Jos\u00e9 da Silva Filho (Geraldinho), \u00fanico sobrevivente da&hellip;<\/p>\n","protected":false},"author":1,"featured_media":0,"comment_status":"open","ping_status":"open","sticky":false,"template":"","format":"standard","meta":{"footnotes":""},"categories":[1],"tags":[2,7934,6,4778,7935,6755,5404],"class_list":["post-5909","post","type-post","status-publish","format-standard","hentry","category-sem-categoria","tag-blog-do-edvaldo-magalhaes","tag-geraldo-jose-da-silva-filho-geraldinho","tag-noticias","tag-padre-luiz-antonio","tag-saiba-qual-o-quadro-de-saude-de-geraldinho","tag-sitio-lagoa-de-paulista","tag-zona-rural-de-caruaru"],"_links":{"self":[{"href":"https:\/\/blogdoedvaldomagalhaes.com.br\/index.php\/wp-json\/wp\/v2\/posts\/5909","targetHints":{"allow":["GET"]}}],"collection":[{"href":"https:\/\/blogdoedvaldomagalhaes.com.br\/index.php\/wp-json\/wp\/v2\/posts"}],"about":[{"href":"https:\/\/blogdoedvaldomagalhaes.com.br\/index.php\/wp-json\/wp\/v2\/types\/post"}],"author":[{"embeddable":true,"href":"https:\/\/blogdoedvaldomagalhaes.com.br\/index.php\/wp-json\/wp\/v2\/users\/1"}],"replies":[{"embeddable":true,"href":"https:\/\/blogdoedvaldomagalhaes.com.br\/index.php\/wp-json\/wp\/v2\/comments?post=5909"}],"version-history":[{"count":1,"href":"https:\/\/blogdoedvaldomagalhaes.com.br\/index.php\/wp-json\/wp\/v2\/posts\/5909\/revisions"}],"predecessor-version":[{"id":19981,"href":"https:\/\/blogdoedvaldomagalhaes.com.br\/index.php\/wp-json\/wp\/v2\/posts\/5909\/revisions\/19981"}],"wp:attachment":[{"href":"https:\/\/blogdoedvaldomagalhaes.com.br\/index.php\/wp-json\/wp\/v2\/media?parent=5909"}],"wp:term":[{"taxonomy":"category","embeddable":true,"href":"https:\/\/blogdoedvaldomagalhaes.com.br\/index.php\/wp-json\/wp\/v2\/categories?post=5909"},{"taxonomy":"post_tag","embeddable":true,"href":"https:\/\/blogdoedvaldomagalhaes.com.br\/index.php\/wp-json\/wp\/v2\/tags?post=5909"}],"curies":[{"name":"wp","href":"https:\/\/api.w.org\/{rel}","templated":true}]}}