{"id":5905,"date":"2017-05-22T20:38:00","date_gmt":"2017-05-22T23:38:00","guid":{"rendered":"http:\/\/blogdoedvaldomagalhaes.com.br\/index.php\/2017\/05\/22\/servidores-da-destra-podem-realizar\/"},"modified":"2019-02-09T01:27:54","modified_gmt":"2019-02-09T03:27:54","slug":"servidores-da-destra-podem-realizar","status":"publish","type":"post","link":"https:\/\/blogdoedvaldomagalhaes.com.br\/index.php\/2017\/05\/22\/servidores-da-destra-podem-realizar\/","title":{"rendered":"Servidores da Destra podem realizar Parada de Advert\u00eancia e aprovar Estado de Greve em Assembleia"},"content":{"rendered":"<div class=\"separator\" style=\"clear: both; text-align: center;\">\n<a href=\"https:\/\/3.bp.blogspot.com\/-yzleyNHcaOI\/WSNIgKtHNoI\/AAAAAAAAWAs\/rSbCH1T99CoVs8nscbkuLfLknpU2FleRQCLcB\/s1600\/destra.jpg\" imageanchor=\"1\" style=\"margin-left: 1em; margin-right: 1em;\"><img loading=\"lazy\" decoding=\"async\" border=\"0\" height=\"225\" src=\"http:\/\/blogdoedvaldomagalhaes.com.br\/wp-content\/uploads\/2017\/05\/destra.jpg\" width=\"400\" \/><\/a><\/div>\n<div class=\"separator\" style=\"clear: both; text-align: center;\">\n<\/div>\n<div style=\"background-color: white; border: 0px; margin-bottom: 1.5em; outline: 0px; padding: 0px; text-align: justify; vertical-align: baseline;\">\nO Sismuc Regional Caruaru realizou na manh\u00e3 desta segunda-feira (22), uma Assembl\u00e9ia Geral Extraordin\u00e1ria com o Servidores da Destra (Guardas Municipais e Agentes de Tr\u00e2nsito), e marcou para a pr\u00f3xima quinta-feira (25) uma nova&nbsp;Assembl\u00e9ia na sede do sindicato, localizada \u00e0 Rua Padre F\u00e9lix Barreto, n\u00b0 50, no Maur\u00edcio de Nassau\ufffc, onde em pauta, al\u00e9m de informes gerais, os servidores da Destra estar\u00e3o deliberando sobre Parada de Advert\u00eancia e Estado de Greve.<\/div>\n<div class=\"separator\" style=\"clear: both; text-align: center;\">\n<a href=\"http:\/\/blogdoedvaldomagalhaes.com.br\/wp-content\/uploads\/2017\/05\/2-SISMUC-19.jpg\" imageanchor=\"1\" style=\"clear: left; float: left; margin-bottom: 1em; margin-right: 1em;\"><img decoding=\"async\" border=\"0\" src=\"http:\/\/blogdoedvaldomagalhaes.com.br\/wp-content\/uploads\/2017\/05\/2-SISMUC-19.jpg\" \/><\/a><\/div>\n<div style=\"background-color: white; border: 0px; margin-bottom: 1.5em; outline: 0px; padding: 0px; text-align: justify; vertical-align: baseline;\">\n<\/div>\n","protected":false},"excerpt":{"rendered":"<p>O Sismuc Regional Caruaru realizou na manh\u00e3 desta segunda-feira (22), uma Assembl\u00e9ia Geral Extraordin\u00e1ria com o Servidores da Destra (Guardas&hellip;<\/p>\n","protected":false},"author":1,"featured_media":0,"comment_status":"open","ping_status":"open","sticky":false,"template":"","format":"standard","meta":{"footnotes":""},"categories":[1],"tags":[2,6,7930],"class_list":["post-5905","post","type-post","status-publish","format-standard","hentry","category-sem-categoria","tag-blog-do-edvaldo-magalhaes","tag-noticias","tag-servidores-da-destra-podem-realizar-parada-de-advertencia-e-aprovar-estado-de-greve-em-assembleia"],"_links":{"self":[{"href":"https:\/\/blogdoedvaldomagalhaes.com.br\/index.php\/wp-json\/wp\/v2\/posts\/5905","targetHints":{"allow":["GET"]}}],"collection":[{"href":"https:\/\/blogdoedvaldomagalhaes.com.br\/index.php\/wp-json\/wp\/v2\/posts"}],"about":[{"href":"https:\/\/blogdoedvaldomagalhaes.com.br\/index.php\/wp-json\/wp\/v2\/types\/post"}],"author":[{"embeddable":true,"href":"https:\/\/blogdoedvaldomagalhaes.com.br\/index.php\/wp-json\/wp\/v2\/users\/1"}],"replies":[{"embeddable":true,"href":"https:\/\/blogdoedvaldomagalhaes.com.br\/index.php\/wp-json\/wp\/v2\/comments?post=5905"}],"version-history":[{"count":1,"href":"https:\/\/blogdoedvaldomagalhaes.com.br\/index.php\/wp-json\/wp\/v2\/posts\/5905\/revisions"}],"predecessor-version":[{"id":19998,"href":"https:\/\/blogdoedvaldomagalhaes.com.br\/index.php\/wp-json\/wp\/v2\/posts\/5905\/revisions\/19998"}],"wp:attachment":[{"href":"https:\/\/blogdoedvaldomagalhaes.com.br\/index.php\/wp-json\/wp\/v2\/media?parent=5905"}],"wp:term":[{"taxonomy":"category","embeddable":true,"href":"https:\/\/blogdoedvaldomagalhaes.com.br\/index.php\/wp-json\/wp\/v2\/categories?post=5905"},{"taxonomy":"post_tag","embeddable":true,"href":"https:\/\/blogdoedvaldomagalhaes.com.br\/index.php\/wp-json\/wp\/v2\/tags?post=5905"}],"curies":[{"name":"wp","href":"https:\/\/api.w.org\/{rel}","templated":true}]}}