{"id":5904,"date":"2017-05-22T22:45:00","date_gmt":"2017-05-23T01:45:00","guid":{"rendered":"http:\/\/blogdoedvaldomagalhaes.com.br\/index.php\/2017\/05\/22\/89-anos-de-anastacio-rodrigues-por\/"},"modified":"2019-02-09T01:27:55","modified_gmt":"2019-02-09T03:27:55","slug":"89-anos-de-anastacio-rodrigues-por","status":"publish","type":"post","link":"https:\/\/blogdoedvaldomagalhaes.com.br\/index.php\/2017\/05\/22\/89-anos-de-anastacio-rodrigues-por\/","title":{"rendered":"89 anos de Anast\u00e1cio Rodrigues \u2013 Por Herlon Cavalcanti"},"content":{"rendered":"<div style=\"background: white; margin-bottom: .0001pt; margin: 0cm; mso-line-height-alt: 14.65pt; text-align: justify; vertical-align: top;\">\n<div class=\"separator\" style=\"clear: both; text-align: center;\">\n<a href=\"https:\/\/2.bp.blogspot.com\/-pXZfv0WOqvc\/WSNqCUxaz8I\/AAAAAAAAWBI\/Grl6gaSrnIMtekR63MqLIe3XfAL3q1CBgCLcB\/s1600\/IMG-20170522-WA0183.jpg\" imageanchor=\"1\" style=\"margin-left: 1em; margin-right: 1em;\"><img loading=\"lazy\" decoding=\"async\" border=\"0\" height=\"278\" src=\"http:\/\/blogdoedvaldomagalhaes.com.br\/wp-content\/uploads\/2017\/05\/IMG-20170522-WA0183.jpg\" width=\"400\" \/><\/a><\/div>\n<p>\nNeste artigo, gostaria de fazer jus a um desses homens que Caruaru viu nascer em seu solo e que se orgulha todos os dias em dizer \u201cESSE SIM, \u00c9 UM GRANDE FILHO MEU\u201d. Anast\u00e1cio Rodrigues nasceu na Rua Preta e praticamente n\u00e3o teve inf\u00e2ncia, pois logo aos sete anos de idade j\u00e1 estava trabalhando para ajudar os seus pais. Como tudo na vida come\u00e7a por uma boa educa\u00e7\u00e3o, seu mundo n\u00e3o foi diferente. Ele estudou no Grupo Escolar Joaquim Nabuco e teve tantos mestres que lhe ajudaram a ver o mundo com mais amor e respeito ao pr\u00f3ximo. Podemos citar aqui alguns (a): as professoras Sinhazinha, Cacilda Santos e Antonia Monteiro.<\/div>\n<div style=\"background: white; margin-bottom: .0001pt; margin: 0cm; mso-line-height-alt: 14.65pt; text-align: justify; vertical-align: top;\">\nDepois o pequeno Anast\u00e1cio foi tip\u00f3grafo dos jornais VANGUARDA, A Defesa, A Tribuna e Jornal de Caruaru, dos quais somente o primeiro permanece em circula\u00e7\u00e3o. Com uma facilidade enorme com a orat\u00f3ria, foi logo se destacando no mundo das letras: formou-se na Faculdade de Direito de Caruaru, de onde foi presidente eleito do Diret\u00f3rio Acad\u00eamico em 1968. Neste mesmo ano, foi eleito prefeito de Caruaru, com uma administra\u00e7\u00e3o s\u00e9ria, honesta, digna de um leg\u00edtimo representante do povo.<\/div>\n<div style=\"background: white; margin-bottom: .0001pt; margin: 0cm; mso-line-height-alt: 14.65pt; text-align: justify; vertical-align: top;\">\nFoi ele, segundo relatos da hist\u00f3ria, quem mais valorizou a cultura de Caruaru e seus artistas. Transformou a casa do Mestre Vitalino, no Alto do Moura, em Casa-Museu; realizou o Festival Nacional de Teatro; lan\u00e7ou LP da Banda de P\u00edfano e construiu a Casa de Cultura Jos\u00e9 Cond\u00e9, entre tantas outras obras importantes.<\/div>\n<div style=\"background: white; margin-bottom: .0001pt; margin: 0cm; mso-line-height-alt: 14.65pt; text-align: justify; vertical-align: top;\">\nAgora, o meu caro leitor pode estar se perguntando: por que estou falando tanto em Anast\u00e1cio Rodrigues? Ele ainda est\u00e1 vivo? \u00c9 claro que est\u00e1 vivo, para a nossa felicidade. Ali\u00e1s n\u00e3o tenho muita aproxima\u00e7\u00e3o com ele, mas o que venho estudando sobre Caruaru, quase tudo de bom tem o seu dedo. Gostaria de ter uma amizade mais profunda com esse homem de sete f\u00f4legos, n\u00e3o s\u00f3 para dizer a ele que tenho um novo amigo, e, sim, porque sua amizade traduz conhecimento e parceria.<\/div>\n<div style=\"background: white; margin-bottom: .0001pt; margin: 0cm; mso-line-height-alt: 14.65pt; text-align: justify; vertical-align: top;\">\n\u00c9 isso a\u00ed, leitores amigos, quero fazer esta homenagem, atrav\u00e9s deste conceituado ve\u00edculo de comunica\u00e7\u00e3o. Valorizar ainda em vida \u00e9 o melhor rem\u00e9dio para o esquecimento.<\/p>\n<p><\/p>\n<div class=\"separator\" style=\"clear: both; text-align: center;\">\n<a href=\"http:\/\/blogdoedvaldomagalhaes.com.br\/wp-content\/uploads\/2017\/05\/3-Coletivo-21.jpg\" imageanchor=\"1\" style=\"clear: left; float: left; margin-bottom: 1em; margin-right: 1em;\"><img decoding=\"async\" border=\"0\" src=\"http:\/\/blogdoedvaldomagalhaes.com.br\/wp-content\/uploads\/2017\/05\/3-Coletivo-21.jpg\" \/><\/a><\/div>\n<p><\/div>\n","protected":false},"excerpt":{"rendered":"<p>Neste artigo, gostaria de fazer jus a um desses homens que Caruaru viu nascer em seu solo e que se&hellip;<\/p>\n","protected":false},"author":1,"featured_media":0,"comment_status":"open","ping_status":"open","sticky":false,"template":"","format":"standard","meta":{"footnotes":""},"categories":[1],"tags":[7929,2,20],"class_list":["post-5904","post","type-post","status-publish","format-standard","hentry","category-sem-categoria","tag-89-anos-de-anastacio-rodrigues-por-herlon-cavalcanti","tag-blog-do-edvaldo-magalhaes","tag-politica"],"_links":{"self":[{"href":"https:\/\/blogdoedvaldomagalhaes.com.br\/index.php\/wp-json\/wp\/v2\/posts\/5904","targetHints":{"allow":["GET"]}}],"collection":[{"href":"https:\/\/blogdoedvaldomagalhaes.com.br\/index.php\/wp-json\/wp\/v2\/posts"}],"about":[{"href":"https:\/\/blogdoedvaldomagalhaes.com.br\/index.php\/wp-json\/wp\/v2\/types\/post"}],"author":[{"embeddable":true,"href":"https:\/\/blogdoedvaldomagalhaes.com.br\/index.php\/wp-json\/wp\/v2\/users\/1"}],"replies":[{"embeddable":true,"href":"https:\/\/blogdoedvaldomagalhaes.com.br\/index.php\/wp-json\/wp\/v2\/comments?post=5904"}],"version-history":[{"count":1,"href":"https:\/\/blogdoedvaldomagalhaes.com.br\/index.php\/wp-json\/wp\/v2\/posts\/5904\/revisions"}],"predecessor-version":[{"id":20001,"href":"https:\/\/blogdoedvaldomagalhaes.com.br\/index.php\/wp-json\/wp\/v2\/posts\/5904\/revisions\/20001"}],"wp:attachment":[{"href":"https:\/\/blogdoedvaldomagalhaes.com.br\/index.php\/wp-json\/wp\/v2\/media?parent=5904"}],"wp:term":[{"taxonomy":"category","embeddable":true,"href":"https:\/\/blogdoedvaldomagalhaes.com.br\/index.php\/wp-json\/wp\/v2\/categories?post=5904"},{"taxonomy":"post_tag","embeddable":true,"href":"https:\/\/blogdoedvaldomagalhaes.com.br\/index.php\/wp-json\/wp\/v2\/tags?post=5904"}],"curies":[{"name":"wp","href":"https:\/\/api.w.org\/{rel}","templated":true}]}}