{"id":5903,"date":"2017-05-22T23:03:00","date_gmt":"2017-05-23T02:03:00","guid":{"rendered":"http:\/\/blogdoedvaldomagalhaes.com.br\/index.php\/2017\/05\/22\/sistema-de-esgotamento-sanitario-de\/"},"modified":"2019-02-09T01:27:55","modified_gmt":"2019-02-09T03:27:55","slug":"sistema-de-esgotamento-sanitario-de","status":"publish","type":"post","link":"https:\/\/blogdoedvaldomagalhaes.com.br\/index.php\/2017\/05\/22\/sistema-de-esgotamento-sanitario-de\/","title":{"rendered":"Sistema de esgotamento sanit\u00e1rio de Caruaru ser\u00e1 modernizado e ampliado"},"content":{"rendered":"<div class=\"separator\" style=\"clear: both; text-align: center;\">\n<a href=\"https:\/\/4.bp.blogspot.com\/-JO1NMJPjwec\/WSNuAUH-ADI\/AAAAAAAAWBY\/t-IIPcg7Wqkfp7NsOTujPStaWq75awTnwCLcB\/s1600\/compsa.jpg\" imageanchor=\"1\" style=\"margin-left: 1em; margin-right: 1em;\"><img loading=\"lazy\" decoding=\"async\" border=\"0\" height=\"225\" src=\"http:\/\/blogdoedvaldomagalhaes.com.br\/wp-content\/uploads\/2017\/05\/compsa.jpg\" width=\"400\" \/><\/a><\/div>\n<div style=\"background: white; margin-bottom: 19.5pt; margin-left: 0cm; margin-right: 0cm; margin-top: 0cm; mso-line-height-alt: 19.5pt; text-align: justify;\">\n<\/div>\n<div style=\"background: white; margin-bottom: 19.5pt; margin-left: 0cm; margin-right: 0cm; margin-top: 0cm; mso-line-height-alt: 19.5pt; text-align: justify;\">\nCaruaru ser\u00e1 beneficiada com um projeto de<br \/>\namplia\u00e7\u00e3o e moderniza\u00e7\u00e3o do sistema de esgotamento sanit\u00e1rio. As a\u00e7\u00f5es ir\u00e3o,<br \/>\ninicialmente, recuperar o sistema j\u00e1 existente e que abrange parte de 14 bairros<br \/>\nda cidade \u2013 corresponde a 40% da \u00e1rea urbana: Caru\u00e1, Boa Vista (1 e 2),<br \/>\nMandacaru, Nova Caruaru, Macaparana, Inocoop, Jos\u00e9 Liberato, Cidade Jardim,<br \/>\nRendeiras, Jardim Panorama, Salgado, Centro, Petr\u00f3polis e Maur\u00edcio de Nassau. A<br \/>\nprimeira etapa do projeto vai iniciar, ainda neste m\u00eas, para reativar quatro<br \/>\nesta\u00e7\u00f5es elevat\u00f3rias. Tamb\u00e9m ser\u00e1 feito um diagn\u00f3stico operacional e o cadastro<br \/>\nt\u00e9cnico da rede coletora que foi implantada na d\u00e9cada de 1970. A inten\u00e7\u00e3o da<br \/>\nCompesa \u00e9 estender a cobertura de esgotamento sanit\u00e1rio para 100% de Caruaru.<\/div>\n<div style=\"background: white; box-sizing: border-box; margin: 0cm 0cm 19.5pt; text-align: justify; word-wrap: break-word;\">\nToda<br \/>\nas a\u00e7\u00f5es do projeto ser\u00e3o financiadas pelo Programa de Saneamento Ambiental da<br \/>\nBacia Hidrogr\u00e1fica do Rio Ipojuca (PSA Ipojuca) com recursos do Banco Mundial.<br \/>\nA companhia vai iniciar as obras pela reabilita\u00e7\u00e3o de quatro esta\u00e7\u00f5es<br \/>\nelevat\u00f3rias de esgotos, que s\u00e3o Rendeiras II e III, Jos\u00e9 Liberato I e Boa<br \/>\nVentura \u2013 juntas possuem uma vaz\u00e3o de 250 litros de esgoto por segundo. Ser\u00e3o<br \/>\nfeitas trocas de conjuntos de bombeamento, coloca\u00e7\u00e3o de novas bombas,<br \/>\nsubstitui\u00e7\u00e3o dos quadros de comando el\u00e9trico, al\u00e9m de reparos estruturais. Com<br \/>\no retorno da opera\u00e7\u00e3o dessas unidades, cerca de 40 mil im\u00f3veis da cidade<br \/>\npassar\u00e3o a ter seus esgotos tratados, contribuindo diretamente para a<br \/>\ndespolui\u00e7\u00e3o do manancial. Para essa primeira etapa, que tem o prazo de seis<br \/>\nmeses para execu\u00e7\u00e3o a partir da emiss\u00e3o da ordem de servi\u00e7o, ser\u00e3o investidos<br \/>\ncerca de R$ 2,6 milh\u00f5es.<\/div>\n<div style=\"background: white; margin-bottom: 19.5pt; margin-left: 0cm; margin-right: 0cm; margin-top: 0cm; mso-line-height-alt: 19.5pt; text-align: justify;\">\nEm<br \/>\nparalelo, tamb\u00e9m ser\u00e1 iniciada a limpeza e desobstru\u00e7\u00e3o dos principais<br \/>\ncoletores \u2018tronco\u2019 da rede (interceptores), que somam mais de 2,2 quil\u00f4metros<br \/>\nde extens\u00e3o. O trabalho vai permitir, inclusive, a filmagem interna da rede<br \/>\ncoletora com equipamentos robotizados para verificar e diagnosticar as<br \/>\ncondi\u00e7\u00f5es f\u00edsicas das tubula\u00e7\u00f5es. Ainda ser\u00e1 feito o levantamento e<br \/>\ncadastramento t\u00e9cnico de mais de 300 quil\u00f4metros da rede existente, a\u00e7\u00e3o que \u00e9<br \/>\nfundamental para a elaborar o projeto de amplia\u00e7\u00e3o do sistema, atividades de<br \/>\nopera\u00e7\u00e3o e manuten\u00e7\u00e3o. S\u00f3 para este trabalho, ser\u00e3o destinados mais de R$ 3<br \/>\nmilh\u00f5es.<\/div>\n<p><\/p>\n<div style=\"background: white; box-sizing: border-box; margin: 0cm 0cm 19.5pt; text-align: justify; word-wrap: break-word;\">\nPara<br \/>\nreativar todo sistema existente em Caruaru, a companhia precisar\u00e1 recuperar 14<br \/>\nesta\u00e7\u00f5es elevat\u00f3rias e triplicar a capacidade de opera\u00e7\u00e3o da Esta\u00e7\u00e3o de<br \/>\nTratamento de Esgoto (ETE) Caruaru \u2013 que hoje trata 450 litros de esgoto por<br \/>\nsegundo \u2013 localizada no bairro Rendeiras. O sistema de esgotamento sanit\u00e1rio da<br \/>\ncidade sofreu amplia\u00e7\u00f5es ao longo dos anos, feitas pela Prefeitura da cidade e<br \/>\npelo Projeto Alvorada, da Secretaria de Sa\u00fade do Estado, e com essas obras ser\u00e1<br \/>\nintegrado ao Sistema operado pela Compesa. Para elaborar todo o projeto de amplia\u00e7\u00e3o<br \/>\ne moderniza\u00e7\u00e3o do sistema, que \u00e9 dividido em 37 bacias, est\u00e3o sendo investidos<br \/>\nR$ 3,6 milh\u00f5es. O projeto deve ser finalizado at\u00e9 maio de 2018.<\/div>\n<div class=\"separator\" style=\"clear: both; text-align: center;\">\n<a href=\"http:\/\/blogdoedvaldomagalhaes.com.br\/wp-content\/uploads\/2017\/05\/4-C393tica-20.jpg\" imageanchor=\"1\" style=\"clear: left; float: left; margin-bottom: 1em; margin-right: 1em;\"><img decoding=\"async\" border=\"0\" src=\"http:\/\/blogdoedvaldomagalhaes.com.br\/wp-content\/uploads\/2017\/05\/4-C393tica-20.jpg\" \/><\/a><\/div>\n<div style=\"background: white; box-sizing: border-box; margin: 0cm 0cm 19.5pt; text-align: justify; word-wrap: break-word;\">\n<\/div>\n","protected":false},"excerpt":{"rendered":"<p>Caruaru ser\u00e1 beneficiada com um projeto de amplia\u00e7\u00e3o e moderniza\u00e7\u00e3o do sistema de esgotamento sanit\u00e1rio. As a\u00e7\u00f5es ir\u00e3o, inicialmente, recuperar&hellip;<\/p>\n","protected":false},"author":1,"featured_media":0,"comment_status":"open","ping_status":"open","sticky":false,"template":"","format":"standard","meta":{"footnotes":""},"categories":[1],"tags":[2,6,7928],"class_list":["post-5903","post","type-post","status-publish","format-standard","hentry","category-sem-categoria","tag-blog-do-edvaldo-magalhaes","tag-noticias","tag-sistema-de-esgotamento-sanitario-de-caruaru-sera-modernizado-e-ampliado"],"_links":{"self":[{"href":"https:\/\/blogdoedvaldomagalhaes.com.br\/index.php\/wp-json\/wp\/v2\/posts\/5903","targetHints":{"allow":["GET"]}}],"collection":[{"href":"https:\/\/blogdoedvaldomagalhaes.com.br\/index.php\/wp-json\/wp\/v2\/posts"}],"about":[{"href":"https:\/\/blogdoedvaldomagalhaes.com.br\/index.php\/wp-json\/wp\/v2\/types\/post"}],"author":[{"embeddable":true,"href":"https:\/\/blogdoedvaldomagalhaes.com.br\/index.php\/wp-json\/wp\/v2\/users\/1"}],"replies":[{"embeddable":true,"href":"https:\/\/blogdoedvaldomagalhaes.com.br\/index.php\/wp-json\/wp\/v2\/comments?post=5903"}],"version-history":[{"count":1,"href":"https:\/\/blogdoedvaldomagalhaes.com.br\/index.php\/wp-json\/wp\/v2\/posts\/5903\/revisions"}],"predecessor-version":[{"id":20004,"href":"https:\/\/blogdoedvaldomagalhaes.com.br\/index.php\/wp-json\/wp\/v2\/posts\/5903\/revisions\/20004"}],"wp:attachment":[{"href":"https:\/\/blogdoedvaldomagalhaes.com.br\/index.php\/wp-json\/wp\/v2\/media?parent=5903"}],"wp:term":[{"taxonomy":"category","embeddable":true,"href":"https:\/\/blogdoedvaldomagalhaes.com.br\/index.php\/wp-json\/wp\/v2\/categories?post=5903"},{"taxonomy":"post_tag","embeddable":true,"href":"https:\/\/blogdoedvaldomagalhaes.com.br\/index.php\/wp-json\/wp\/v2\/tags?post=5903"}],"curies":[{"name":"wp","href":"https:\/\/api.w.org\/{rel}","templated":true}]}}