{"id":5901,"date":"2017-05-23T10:47:00","date_gmt":"2017-05-23T13:47:00","guid":{"rendered":"http:\/\/blogdoedvaldomagalhaes.com.br\/index.php\/2017\/05\/23\/comerciante-preso-com-dinheiro-falso-e\/"},"modified":"2019-02-09T01:27:57","modified_gmt":"2019-02-09T03:27:57","slug":"comerciante-preso-com-dinheiro-falso-e","status":"publish","type":"post","link":"https:\/\/blogdoedvaldomagalhaes.com.br\/index.php\/2017\/05\/23\/comerciante-preso-com-dinheiro-falso-e\/","title":{"rendered":"Comerciante preso com dinheiro falso em Caruaru"},"content":{"rendered":"<div class=\"separator\" style=\"clear: both; text-align: center;\">\n<a href=\"https:\/\/4.bp.blogspot.com\/-Y2fvQ9APLB0\/WSQTQnYyG6I\/AAAAAAAAWDE\/1ROZ_63u-zEk0ywR7Y-9GoSNZLbeooo4wCLcB\/s1600\/foto.jpeg\" imageanchor=\"1\" style=\"margin-left: 1em; margin-right: 1em;\"><img loading=\"lazy\" decoding=\"async\" border=\"0\" height=\"300\" src=\"http:\/\/blogdoedvaldomagalhaes.com.br\/wp-content\/uploads\/2017\/05\/foto-1.jpeg\" width=\"400\" \/><\/a><\/div>\n<div style=\"margin-bottom: .0001pt; margin: 0cm; text-align: justify;\">\nA Opera\u00e7\u00e3o RONE (Rondas Ostensivas de Natureza<br \/>\nExtraordin\u00e1ria), prendeu nesta segunda-feira (22) o comerciante, Cl\u00e1udio Ferreira da Silva&nbsp;(conhecido por Cl\u00e1udio do Perfume), 49 anos, que mora no bairro Vassoural. O acusado foi pego com<br \/>\n13 c\u00e9dulas de dinheiro falsas, sendo nove de 100 Reais e quatro de 50 Reais.<br \/>\nInicialmente os policiamento foi at\u00e9 o seu estabelecimento na rua Antonio<br \/>\nMartins, no bairro Vassoural, mas ele foi preso no terminal rodovi\u00e1rio, quando<br \/>\ntentava fugir para o Recife.<\/div>\n<p><\/p>\n<div style=\"margin: 0cm 0cm 0.0001pt; text-align: justify;\">\nO acusado negou ser o propriet\u00e1rio das<br \/>\nc\u00e9dulas, mas foi autuado em flagrante e ser\u00e1 apresentado na audi\u00eancia de<br \/>\ncust\u00f3dia. Cl\u00e1udio dos Perfumes, foi candidato a Vereador de Caruaru nas<br \/>\nelei\u00e7\u00f5es de 2008.<\/p>\n<p><\/p>\n<div class=\"separator\" style=\"clear: both; text-align: center;\">\n<a href=\"http:\/\/blogdoedvaldomagalhaes.com.br\/wp-content\/uploads\/2017\/05\/saga-6.jpg\" imageanchor=\"1\" style=\"clear: left; float: left; margin-bottom: 1em; margin-right: 1em;\"><img decoding=\"async\" border=\"0\" src=\"http:\/\/blogdoedvaldomagalhaes.com.br\/wp-content\/uploads\/2017\/05\/saga-6.jpg\" \/><\/a><\/div>\n<p><\/div>\n","protected":false},"excerpt":{"rendered":"<p>A Opera\u00e7\u00e3o RONE (Rondas Ostensivas de Natureza Extraordin\u00e1ria), prendeu nesta segunda-feira (22) o comerciante, Cl\u00e1udio Ferreira da Silva&nbsp;(conhecido por Cl\u00e1udio&hellip;<\/p>\n","protected":false},"author":1,"featured_media":0,"comment_status":"open","ping_status":"open","sticky":false,"template":"","format":"standard","meta":{"footnotes":""},"categories":[1],"tags":[2,7925,7926,13],"class_list":["post-5901","post","type-post","status-publish","format-standard","hentry","category-sem-categoria","tag-blog-do-edvaldo-magalhaes","tag-comerciante-preso-com-dinheiro-falso-em-caruaru","tag-operacao-rone","tag-policial"],"_links":{"self":[{"href":"https:\/\/blogdoedvaldomagalhaes.com.br\/index.php\/wp-json\/wp\/v2\/posts\/5901","targetHints":{"allow":["GET"]}}],"collection":[{"href":"https:\/\/blogdoedvaldomagalhaes.com.br\/index.php\/wp-json\/wp\/v2\/posts"}],"about":[{"href":"https:\/\/blogdoedvaldomagalhaes.com.br\/index.php\/wp-json\/wp\/v2\/types\/post"}],"author":[{"embeddable":true,"href":"https:\/\/blogdoedvaldomagalhaes.com.br\/index.php\/wp-json\/wp\/v2\/users\/1"}],"replies":[{"embeddable":true,"href":"https:\/\/blogdoedvaldomagalhaes.com.br\/index.php\/wp-json\/wp\/v2\/comments?post=5901"}],"version-history":[{"count":1,"href":"https:\/\/blogdoedvaldomagalhaes.com.br\/index.php\/wp-json\/wp\/v2\/posts\/5901\/revisions"}],"predecessor-version":[{"id":20020,"href":"https:\/\/blogdoedvaldomagalhaes.com.br\/index.php\/wp-json\/wp\/v2\/posts\/5901\/revisions\/20020"}],"wp:attachment":[{"href":"https:\/\/blogdoedvaldomagalhaes.com.br\/index.php\/wp-json\/wp\/v2\/media?parent=5901"}],"wp:term":[{"taxonomy":"category","embeddable":true,"href":"https:\/\/blogdoedvaldomagalhaes.com.br\/index.php\/wp-json\/wp\/v2\/categories?post=5901"},{"taxonomy":"post_tag","embeddable":true,"href":"https:\/\/blogdoedvaldomagalhaes.com.br\/index.php\/wp-json\/wp\/v2\/tags?post=5901"}],"curies":[{"name":"wp","href":"https:\/\/api.w.org\/{rel}","templated":true}]}}