{"id":590,"date":"2018-11-28T17:39:00","date_gmt":"2018-11-28T19:39:00","guid":{"rendered":"http:\/\/blogdoedvaldomagalhaes.com.br\/index.php\/2018\/11\/28\/calendario-natalino-de-caruaru-sera\/"},"modified":"2019-02-09T02:43:17","modified_gmt":"2019-02-09T04:43:17","slug":"calendario-natalino-de-caruaru-sera","status":"publish","type":"post","link":"https:\/\/blogdoedvaldomagalhaes.com.br\/index.php\/2018\/11\/28\/calendario-natalino-de-caruaru-sera\/","title":{"rendered":"Calend\u00e1rio natalino de Caruaru ser\u00e1 aberto oficialmente sexta (30)"},"content":{"rendered":"<div class=\"separator\" style=\"clear: both; text-align: center;\">\n<a href=\"https:\/\/2.bp.blogspot.com\/-g-Rkgdpr5cg\/W_7SHsgdiVI\/AAAAAAAA-ho\/9GrfE2lNQc8Q6YBmDRiFnTqKeY55tcJiwCLcBGAs\/s1600\/1.jpg\" imageanchor=\"1\" style=\"margin-left: 1em; margin-right: 1em;\"><img loading=\"lazy\" decoding=\"async\" border=\"0\" data-original-height=\"427\" data-original-width=\"640\" height=\"213\" src=\"http:\/\/blogdoedvaldomagalhaes.com.br\/wp-content\/uploads\/2018\/11\/1-14.jpg\" width=\"320\" \/><\/a><\/div>\n<div class=\"separator\" style=\"clear: both; text-align: center;\">\nFotos: Jorge Farias<\/div>\n<div style=\"text-align: justify;\">\n<\/div>\n<div style=\"text-align: justify;\">\nA Prefeitura de Caruaru abre o calend\u00e1rio natalino, na pr\u00f3xima sexta (30), no Alto do Moura, trazendo o tema Brincantes da Nossa Terra Natal. Uma realiza\u00e7\u00e3o da Funda\u00e7\u00e3o de Cultura e Turismo (FCTC), o \u201cCaruaru terra Natal 2018\u201d ter\u00e1 decora\u00e7\u00e3o tem\u00e1tica, inspirada nos folguedos e brincantes da cultura nordestina, com ocupa\u00e7\u00f5es dos espa\u00e7os da cidade e apresenta\u00e7\u00f5es art\u00edsticas\/culturais com dire\u00e7\u00e3o musical do maestro Mozart Vieira, dire\u00e7\u00e3o de cria\u00e7\u00e3o do multiartista Gabriel S\u00e1 e coreografias do bailarino Marcos Mercury.&nbsp; &nbsp;&nbsp;<\/div>\n<div style=\"text-align: justify;\">\n<\/div>\n<div class=\"separator\" style=\"clear: both; text-align: center;\">\n<a href=\"https:\/\/2.bp.blogspot.com\/-tnaV2aO0rKE\/W_7SXoqyrfI\/AAAAAAAA-hw\/HnjNxmC1m047COd7WHGlwyYaZ0igq7rFQCLcBGAs\/s1600\/2.jpg\" imageanchor=\"1\" style=\"margin-left: 1em; margin-right: 1em;\"><img loading=\"lazy\" decoding=\"async\" border=\"0\" data-original-height=\"427\" data-original-width=\"640\" height=\"426\" src=\"http:\/\/blogdoedvaldomagalhaes.com.br\/wp-content\/uploads\/2018\/11\/2-14.jpg\" width=\"640\" \/><\/a><\/div>\n<div style=\"text-align: justify;\">\n<\/div>\n<div style=\"text-align: justify;\">\nPara dar in\u00edcio oficialmente ao calend\u00e1rio, na sexta, dia 30, \u00e0s 19h, haver\u00e1 o a \u00e1rvore de Natal de flor de barro, al\u00e9m de uma exposi\u00e7\u00e3o natalina que estar\u00e1 aberta ao p\u00fablico at\u00e9 o dia 06 de janeiro de 2019. A \u00e1rvore e a exposi\u00e7\u00e3o ficar\u00e3o em frente \u00e0 Casa-Museu Mestre Vitalino. No domingo, dia 02, o Espa\u00e7o Cultural Tancredo Neves ser\u00e1 palco da segunda edi\u00e7\u00e3o do Encontro de Corais. A partir das 18h, apresentam-se Coral Madrigal, Coral do Col\u00e9gio Diocesano, Coral do Col\u00e9gio Adventista, Coral de Libras, Coral da Secretaria da Mulher e Canthus Corais.<\/div>\n<div style=\"text-align: justify;\">\n<\/div>\n<div class=\"separator\" style=\"clear: both; text-align: center;\">\n<a href=\"https:\/\/2.bp.blogspot.com\/-M-cx0S3qxug\/W_7SiPXIpeI\/AAAAAAAA-h0\/5jRk12KnKFQQJUaKBve6WKPjxmLtddnwQCLcBGAs\/s1600\/4.jpeg\" imageanchor=\"1\" style=\"margin-left: 1em; margin-right: 1em;\"><img loading=\"lazy\" decoding=\"async\" border=\"0\" data-original-height=\"1280\" data-original-width=\"1280\" height=\"640\" src=\"http:\/\/blogdoedvaldomagalhaes.com.br\/wp-content\/uploads\/2018\/11\/4-5.jpeg\" width=\"640\" \/><\/a><\/div>\n<div style=\"text-align: justify;\">\n<\/div>\n<div style=\"text-align: justify;\">\nAs festividades n\u00e3o param. No dia 14 de dezembro, \u00e0s 19h30, o Alto do Moura recebe a Seresta Natalina, acompanhada por uma violinista. Com concentra\u00e7\u00e3o em frente \u00e0 Casa-Museu, a seresta percorrer\u00e1 as ruas do bairro. No dia 16 de dezembro, \u00e0s 19h, no Pal\u00e1cio Episcopal, na Av. Rio Branco, ocorre a tradicional Cantata Natalina, que contar\u00e1 com uma banda base, seis solistas e dois corais com interven\u00e7\u00f5es coreogr\u00e1ficas nas janelas do pal\u00e1cio. J\u00e1 no dia 22 de dezembro, \u00e0s 17h, na Pra\u00e7a do Ros\u00e1rio, haver\u00e1 apresenta\u00e7\u00e3o de pastoril com a participa\u00e7\u00e3o de 16 idosas assistidas pelo Centro de Conviv\u00eancia da Prefeitura.<\/div>\n<div style=\"text-align: justify;\">\n<\/div>\n<div style=\"text-align: justify;\">\n<b>Natal e R\u00e9veillon &#8211;<\/b> No dia 23 de dezembro, \u00e0s 17h, o Monte Bom Jesus recebe o Brincantes do Boi Estrelado. O espet\u00e1culo mostra a destreza de Mateus e Catirina numa noite de Natal. O texto e a dire\u00e7\u00e3o s\u00e3o de Ben\u00edcio Jr. No dia 31 de dezembro, a partir das 22h, o tradicional r\u00e9veillon no Marco Zero encerra o calend\u00e1rio natalino, com a participa\u00e7\u00e3o da Banda Vers\u00e1til, regida pelo maestro Bitonho, seguido pelo show de Adilson Ramos.<\/div>\n<div style=\"text-align: justify;\">\n<\/div>\n","protected":false},"excerpt":{"rendered":"<p>Fotos: Jorge Farias A Prefeitura de Caruaru abre o calend\u00e1rio natalino, na pr\u00f3xima sexta (30), no Alto do Moura, trazendo&hellip;<\/p>\n","protected":false},"author":1,"featured_media":0,"comment_status":"open","ping_status":"open","sticky":false,"template":"","format":"standard","meta":{"footnotes":""},"categories":[1],"tags":[2,510,6],"class_list":["post-590","post","type-post","status-publish","format-standard","hentry","category-sem-categoria","tag-blog-do-edvaldo-magalhaes","tag-calendario-natalino-de-caruaru-sera-aberto-oficialmente-sexta-30","tag-noticias"],"_links":{"self":[{"href":"https:\/\/blogdoedvaldomagalhaes.com.br\/index.php\/wp-json\/wp\/v2\/posts\/590","targetHints":{"allow":["GET"]}}],"collection":[{"href":"https:\/\/blogdoedvaldomagalhaes.com.br\/index.php\/wp-json\/wp\/v2\/posts"}],"about":[{"href":"https:\/\/blogdoedvaldomagalhaes.com.br\/index.php\/wp-json\/wp\/v2\/types\/post"}],"author":[{"embeddable":true,"href":"https:\/\/blogdoedvaldomagalhaes.com.br\/index.php\/wp-json\/wp\/v2\/users\/1"}],"replies":[{"embeddable":true,"href":"https:\/\/blogdoedvaldomagalhaes.com.br\/index.php\/wp-json\/wp\/v2\/comments?post=590"}],"version-history":[{"count":1,"href":"https:\/\/blogdoedvaldomagalhaes.com.br\/index.php\/wp-json\/wp\/v2\/posts\/590\/revisions"}],"predecessor-version":[{"id":36246,"href":"https:\/\/blogdoedvaldomagalhaes.com.br\/index.php\/wp-json\/wp\/v2\/posts\/590\/revisions\/36246"}],"wp:attachment":[{"href":"https:\/\/blogdoedvaldomagalhaes.com.br\/index.php\/wp-json\/wp\/v2\/media?parent=590"}],"wp:term":[{"taxonomy":"category","embeddable":true,"href":"https:\/\/blogdoedvaldomagalhaes.com.br\/index.php\/wp-json\/wp\/v2\/categories?post=590"},{"taxonomy":"post_tag","embeddable":true,"href":"https:\/\/blogdoedvaldomagalhaes.com.br\/index.php\/wp-json\/wp\/v2\/tags?post=590"}],"curies":[{"name":"wp","href":"https:\/\/api.w.org\/{rel}","templated":true}]}}