{"id":5899,"date":"2017-05-23T16:43:00","date_gmt":"2017-05-23T19:43:00","guid":{"rendered":"http:\/\/blogdoedvaldomagalhaes.com.br\/index.php\/2017\/05\/23\/paulo-camara-tenho-dois-patrimonios\/"},"modified":"2019-02-09T01:27:57","modified_gmt":"2019-02-09T03:27:57","slug":"paulo-camara-tenho-dois-patrimonios","status":"publish","type":"post","link":"https:\/\/blogdoedvaldomagalhaes.com.br\/index.php\/2017\/05\/23\/paulo-camara-tenho-dois-patrimonios\/","title":{"rendered":"Paulo C\u00e2mara: \u201cTenho dois patrim\u00f4nios: a minha fam\u00edlia e o meu nome\u201d"},"content":{"rendered":"<div class=\"separator\" style=\"clear: both; text-align: center;\">\n<a href=\"https:\/\/3.bp.blogspot.com\/-PPjDpCHrSVo\/WSRmn5235lI\/AAAAAAAAWDw\/K5kceqloIOoR7920yY_qpdcBG5XiTWRIACLcB\/s1600\/paulo.jpg\" imageanchor=\"1\" style=\"margin-left: 1em; margin-right: 1em;\"><img loading=\"lazy\" decoding=\"async\" border=\"0\" height=\"269\" src=\"http:\/\/blogdoedvaldomagalhaes.com.br\/wp-content\/uploads\/2017\/05\/paulo-1.jpg\" width=\"400\" \/><\/a><\/div>\n<div style=\"background: white; margin-bottom: 18.0pt; margin-left: 0cm; margin-right: 0cm; margin-top: 0cm; text-align: justify; vertical-align: baseline;\">\n<\/div>\n<div style=\"background: white; margin-bottom: 18.0pt; margin-left: 0cm; margin-right: 0cm; margin-top: 0cm; text-align: justify; vertical-align: baseline;\">\nO<br \/>\ngovernador Paulo C\u00e2mara reagiu com indigna\u00e7\u00e3o \u00e0s insinua\u00e7\u00f5es feitas, em dela\u00e7\u00e3o<br \/>\npremiada, pelo executivo da empresa JBS Ricardo Saud. \u201cQuero dizer que estou<br \/>\nindignado, mas n\u00e3o vou baixar a cabe\u00e7a. Eu tenho o compromisso de trabalhar por<br \/>\nPernambuco e vou continuar trabalhando. Sou servidor p\u00fablico. Vivo do meu<br \/>\nsal\u00e1rio e s\u00f3 tenho dois patrim\u00f4nios: a minha fam\u00edlia e meu nome. E ningu\u00e9m vai<br \/>\nmanch\u00e1-los\u201d, declarou Paulo C\u00e2mara, durante cerim\u00f4nia no Pal\u00e1cio do Campo das<br \/>\nPrincesas.<\/div>\n<div style=\"background: white; margin: 0cm 0cm 18pt; outline: 0px; text-align: justify; vertical-align: baseline;\">\n\u201cQuero tamb\u00e9m aproveitar essa oportunidade<br \/>\nde estarmos aqui hoje, numa plateia t\u00e3o qualificada, com tanta gente, tantos<br \/>\namigos e amigas que estou vendo aqui para, tamb\u00e9m, dar uma explica\u00e7\u00e3o. Na<br \/>\nverdade, dar uma satisfa\u00e7\u00e3o. Dizer o que \u00e9 preciso ser dito a cada pernambucana<br \/>\ne a cada pernambucano diante dos fatos que a gente tem ouvido falar desde a<br \/>\n\u00faltima sexta-feira. A minha campanha eleitoral de 2014 n\u00e3o recebeu recursos da<br \/>\nempresa JBS. Quero dizer isso porque nem minha campanha, nem o PSB estadual<br \/>\nrecebeu nenhum centavo desta empresa. As doa\u00e7\u00f5es que a JBS fez foram ao PSB<br \/>\nnacional, que registrou. Est\u00e1 tudo registrado nas doa\u00e7\u00f5es do PSB nacional\u201d,<br \/>\ndiscursou Paulo.<\/div>\n<div style=\"background: white; margin: 0cm 0cm 18pt; outline: 0px; text-align: justify; vertical-align: baseline;\">\nE acrescentou: \u201cEssa pr\u00f3pria<br \/>\npessoa que est\u00e1 fazendo a dela\u00e7\u00e3o foi muito textual ao dizer que a doa\u00e7\u00e3o ao<br \/>\nPSB nacional ocorreu sem nenhuma contrapartida e sem nenhum benef\u00edcio\u201d.<\/div>\n<p><\/p>\n<div style=\"background: white; margin: 0cm 0cm 18pt; outline: 0px; text-align: justify; vertical-align: baseline;\">\nO governador Paulo C\u00e2mara<br \/>\nlembrou que na Peti\u00e7\u00e3o 7.003 do Minist\u00e9rio P\u00fablico Federal, assinada pelo<br \/>\nprocurador-geral da Rep\u00fablica, Rodrigo Janot, que trata da dela\u00e7\u00e3o premiada da<br \/>\nJBS, n\u00e3o h\u00e1 men\u00e7\u00e3o ao nome dele, nem do prefeito Geraldo Julio e nem do<br \/>\nex-governador Eduardo Campos. A peti\u00e7\u00e3o foi acolhida pelo relator do processo<br \/>\nno Supremo Tribunal Federal (STF), ministro Edson Fachin.<\/p>\n<div class=\"separator\" style=\"clear: both; text-align: center;\">\n<a href=\"http:\/\/blogdoedvaldomagalhaes.com.br\/wp-content\/uploads\/2017\/05\/9-Liberdade-18.jpg\" imageanchor=\"1\" style=\"clear: left; float: left; margin-bottom: 1em; margin-right: 1em;\"><img decoding=\"async\" border=\"0\" src=\"http:\/\/blogdoedvaldomagalhaes.com.br\/wp-content\/uploads\/2017\/05\/9-Liberdade-18.jpg\" \/><\/a><\/div>\n<p><\/div>\n","protected":false},"excerpt":{"rendered":"<p>O governador Paulo C\u00e2mara reagiu com indigna\u00e7\u00e3o \u00e0s insinua\u00e7\u00f5es feitas, em dela\u00e7\u00e3o premiada, pelo executivo da empresa JBS Ricardo Saud.&hellip;<\/p>\n","protected":false},"author":1,"featured_media":0,"comment_status":"open","ping_status":"open","sticky":false,"template":"","format":"standard","meta":{"footnotes":""},"categories":[1],"tags":[2,7922,20],"class_list":["post-5899","post","type-post","status-publish","format-standard","hentry","category-sem-categoria","tag-blog-do-edvaldo-magalhaes","tag-paulo-camara-tenho-dois-patrimonios-a-minha-familia-e-o-meu-nome","tag-politica"],"_links":{"self":[{"href":"https:\/\/blogdoedvaldomagalhaes.com.br\/index.php\/wp-json\/wp\/v2\/posts\/5899","targetHints":{"allow":["GET"]}}],"collection":[{"href":"https:\/\/blogdoedvaldomagalhaes.com.br\/index.php\/wp-json\/wp\/v2\/posts"}],"about":[{"href":"https:\/\/blogdoedvaldomagalhaes.com.br\/index.php\/wp-json\/wp\/v2\/types\/post"}],"author":[{"embeddable":true,"href":"https:\/\/blogdoedvaldomagalhaes.com.br\/index.php\/wp-json\/wp\/v2\/users\/1"}],"replies":[{"embeddable":true,"href":"https:\/\/blogdoedvaldomagalhaes.com.br\/index.php\/wp-json\/wp\/v2\/comments?post=5899"}],"version-history":[{"count":1,"href":"https:\/\/blogdoedvaldomagalhaes.com.br\/index.php\/wp-json\/wp\/v2\/posts\/5899\/revisions"}],"predecessor-version":[{"id":20026,"href":"https:\/\/blogdoedvaldomagalhaes.com.br\/index.php\/wp-json\/wp\/v2\/posts\/5899\/revisions\/20026"}],"wp:attachment":[{"href":"https:\/\/blogdoedvaldomagalhaes.com.br\/index.php\/wp-json\/wp\/v2\/media?parent=5899"}],"wp:term":[{"taxonomy":"category","embeddable":true,"href":"https:\/\/blogdoedvaldomagalhaes.com.br\/index.php\/wp-json\/wp\/v2\/categories?post=5899"},{"taxonomy":"post_tag","embeddable":true,"href":"https:\/\/blogdoedvaldomagalhaes.com.br\/index.php\/wp-json\/wp\/v2\/tags?post=5899"}],"curies":[{"name":"wp","href":"https:\/\/api.w.org\/{rel}","templated":true}]}}