{"id":5898,"date":"2017-05-23T16:52:00","date_gmt":"2017-05-23T19:52:00","guid":{"rendered":"http:\/\/blogdoedvaldomagalhaes.com.br\/index.php\/2017\/05\/23\/hospital-mestre-vitalino-participa-de\/"},"modified":"2019-02-09T01:27:58","modified_gmt":"2019-02-09T03:27:58","slug":"hospital-mestre-vitalino-participa-de","status":"publish","type":"post","link":"https:\/\/blogdoedvaldomagalhaes.com.br\/index.php\/2017\/05\/23\/hospital-mestre-vitalino-participa-de\/","title":{"rendered":"Hospital Mestre Vitalino participa de campanha de incentivo a doa\u00e7\u00e3o de \u00f3rg\u00e3os"},"content":{"rendered":"<div style=\"background: white; margin-bottom: 18.0pt; margin-left: 0cm; margin-right: 0cm; margin-top: 0cm; text-align: justify; vertical-align: baseline;\">\n<div class=\"separator\" style=\"clear: both; text-align: center;\">\n<a href=\"https:\/\/4.bp.blogspot.com\/-hfUxUTPDGng\/WSRo-j3UaPI\/AAAAAAAAWD8\/_0Gb0epYDfEKLBL4F07JiAtldfGdA-Z4wCLcB\/s1600\/hmv.jpg\" imageanchor=\"1\" style=\"margin-left: 1em; margin-right: 1em;\"><img loading=\"lazy\" decoding=\"async\" border=\"0\" height=\"196\" src=\"http:\/\/blogdoedvaldomagalhaes.com.br\/wp-content\/uploads\/2017\/05\/hmv.jpg\" width=\"400\" \/><\/a><\/div>\n<p>\nA<br \/>\npartir de hoje (23), o Hospital Mestre Vitalino estar\u00e1 participando da campanha<br \/>\nestadual de incentivo a doa\u00e7\u00e3o de \u00f3rg\u00e3os que acontece at\u00e9 1\u00ba de junho. A<br \/>\nprograma\u00e7\u00e3o conta com a\u00e7\u00f5es de educa\u00e7\u00e3o permanente dos setores da unidade e<br \/>\npanfletagem para os acompanhantes.<\/div>\n<p><\/p>\n<div style=\"background: white; margin: 0cm 0cm 18pt; outline: 0px; text-align: justify; vertical-align: baseline;\">\n\u201cEstas a\u00e7\u00f5es auxiliam na<br \/>\nconscientiza\u00e7\u00e3o da import\u00e2ncia da doa\u00e7\u00e3o de \u00f3rg\u00e3os tanto para os acompanhantes<br \/>\ndos pacientes internados na unidade, quanto para os colaboradores do Hospital<br \/>\nMestre Vitalino, que s\u00e3o parte fundamental neste trabalho\u201d, explicou a<br \/>\nenfermeira respons\u00e1vel pela Organiza\u00e7\u00e3o de Procura de \u00d3rg\u00e3os do HMV, Ana Karla<br \/>\nFerro.&nbsp;Em Caruaru, al\u00e9m do HMV, o Hospital Regional do Agreste tamb\u00e9m<br \/>\nreceber\u00e1 as a\u00e7\u00f5es.<\/p>\n<div class=\"separator\" style=\"clear: both; text-align: center;\">\n<a href=\"http:\/\/blogdoedvaldomagalhaes.com.br\/wp-content\/uploads\/2017\/05\/7-SINTRACON-18.jpg\" imageanchor=\"1\" style=\"clear: left; float: left; margin-bottom: 1em; margin-right: 1em;\"><img decoding=\"async\" border=\"0\" src=\"http:\/\/blogdoedvaldomagalhaes.com.br\/wp-content\/uploads\/2017\/05\/7-SINTRACON-18.jpg\" \/><\/a><\/div>\n<p><\/div>\n","protected":false},"excerpt":{"rendered":"<p>A partir de hoje (23), o Hospital Mestre Vitalino estar\u00e1 participando da campanha estadual de incentivo a doa\u00e7\u00e3o de \u00f3rg\u00e3os&hellip;<\/p>\n","protected":false},"author":1,"featured_media":0,"comment_status":"open","ping_status":"open","sticky":false,"template":"","format":"standard","meta":{"footnotes":""},"categories":[1],"tags":[2,7921,6],"class_list":["post-5898","post","type-post","status-publish","format-standard","hentry","category-sem-categoria","tag-blog-do-edvaldo-magalhaes","tag-hospital-mestre-vitalino-participa-de-campanha-de-incentivo-a-doacao-de-orgaos","tag-noticias"],"_links":{"self":[{"href":"https:\/\/blogdoedvaldomagalhaes.com.br\/index.php\/wp-json\/wp\/v2\/posts\/5898","targetHints":{"allow":["GET"]}}],"collection":[{"href":"https:\/\/blogdoedvaldomagalhaes.com.br\/index.php\/wp-json\/wp\/v2\/posts"}],"about":[{"href":"https:\/\/blogdoedvaldomagalhaes.com.br\/index.php\/wp-json\/wp\/v2\/types\/post"}],"author":[{"embeddable":true,"href":"https:\/\/blogdoedvaldomagalhaes.com.br\/index.php\/wp-json\/wp\/v2\/users\/1"}],"replies":[{"embeddable":true,"href":"https:\/\/blogdoedvaldomagalhaes.com.br\/index.php\/wp-json\/wp\/v2\/comments?post=5898"}],"version-history":[{"count":1,"href":"https:\/\/blogdoedvaldomagalhaes.com.br\/index.php\/wp-json\/wp\/v2\/posts\/5898\/revisions"}],"predecessor-version":[{"id":20029,"href":"https:\/\/blogdoedvaldomagalhaes.com.br\/index.php\/wp-json\/wp\/v2\/posts\/5898\/revisions\/20029"}],"wp:attachment":[{"href":"https:\/\/blogdoedvaldomagalhaes.com.br\/index.php\/wp-json\/wp\/v2\/media?parent=5898"}],"wp:term":[{"taxonomy":"category","embeddable":true,"href":"https:\/\/blogdoedvaldomagalhaes.com.br\/index.php\/wp-json\/wp\/v2\/categories?post=5898"},{"taxonomy":"post_tag","embeddable":true,"href":"https:\/\/blogdoedvaldomagalhaes.com.br\/index.php\/wp-json\/wp\/v2\/tags?post=5898"}],"curies":[{"name":"wp","href":"https:\/\/api.w.org\/{rel}","templated":true}]}}