{"id":5897,"date":"2017-05-23T17:12:00","date_gmt":"2017-05-23T20:12:00","guid":{"rendered":"http:\/\/blogdoedvaldomagalhaes.com.br\/index.php\/2017\/05\/23\/operacao-forca-no-foco-busca-homicidas\/"},"modified":"2019-02-09T01:28:04","modified_gmt":"2019-02-09T03:28:04","slug":"operacao-forca-no-foco-busca-homicidas","status":"publish","type":"post","link":"https:\/\/blogdoedvaldomagalhaes.com.br\/index.php\/2017\/05\/23\/operacao-forca-no-foco-busca-homicidas\/","title":{"rendered":"Opera\u00e7\u00e3o For\u00e7a no Foco busca homicidas em Caruaru"},"content":{"rendered":"<div class=\"separator\" style=\"clear: both; text-align: center;\">\n<a href=\"https:\/\/3.bp.blogspot.com\/-9C5NDwribfo\/WSRtOf0NiJI\/AAAAAAAAWEM\/MS_Ji5Q_L5s_8rAXLd4FNcUQn58oo0DygCLcB\/s1600\/no.jpg\" imageanchor=\"1\" style=\"margin-left: 1em; margin-right: 1em;\"><img loading=\"lazy\" decoding=\"async\" border=\"0\" height=\"400\" src=\"http:\/\/blogdoedvaldomagalhaes.com.br\/wp-content\/uploads\/2017\/05\/no.jpg\" width=\"400\" \/><\/a><\/div>\n<div class=\"content-textcontainer\" style=\"background: white; margin-bottom: 18.0pt; margin-left: 0cm; margin-right: 0cm; margin-top: 0cm; text-align: justify; vertical-align: baseline;\">\n<\/div>\n<div class=\"content-textcontainer\" style=\"background: white; margin-bottom: 18.0pt; margin-left: 0cm; margin-right: 0cm; margin-top: 0cm; text-align: justify; vertical-align: baseline;\">\nDeflagrada na manh\u00e3 desta ter\u00e7a-feira (23), em Caruaru, mais<br \/>\numa etapa da Opera\u00e7\u00e3o For\u00e7a no Foco, que tem como objetivo principal prender<br \/>\nhomicidas. A Opera\u00e7\u00e3o j\u00e1 foi realizada em Gravat\u00e1 e Santa Cruz do Capibaribe.<br \/>\nNa Capital do Agreste, a a\u00e7\u00e3o \u00e9 desenvolvida pela Policia Militar, Civil, Corpo<br \/>\nde Bombeiros, Detran, Delegacia da Mulher, Instituto de Criminal\u00edstica, Guarda<br \/>\nMunicipal, Destra, Secretaria da Fazenda e Opera\u00e7\u00e3o Lei Seca.<\/div>\n<div class=\"content-textcontainer\" data-track-category=\"Link no Texto\" data-track-links=\"\" style=\"background: white; font-style: inherit; font-weight: inherit; margin-bottom: 18.0pt; margin-left: 0cm; margin-right: 0cm; margin-top: 0cm; outline: 0px; text-align: justify; vertical-align: baseline;\">\nUma delegacia m\u00f3vel est\u00e1 instalada na cidade de hoje (23) at\u00e9 quinta-feira (25). Nesse espa\u00e7o, 18<br \/>\nequipes de policiais entre delegados, agentes e escriv\u00e3es estar\u00e3o atuando para<br \/>\ncumprir os mandatos. A PM vai contar com refor\u00e7os para realizar abordagens em<br \/>\nve\u00edculos e pessoas suspeitas. Parentes de pessoas assassinadas acompanham o<br \/>\ntrabalho da for\u00e7a tarefa.<\/div>\n<p><\/p>\n<div class=\"content-textcontainer\" data-track-category=\"Link no Texto\" data-track-links=\"\" style=\"background: white; font-style: inherit; font-weight: inherit; margin-bottom: 18.0pt; margin-left: 0cm; margin-right: 0cm; margin-top: 0cm; outline: 0px; text-align: justify; vertical-align: baseline;\">\nOs inqu\u00e9ritos dos<br \/>\nhomic\u00eddios que foram registrados em 2017 na cidade j\u00e1 foram separados e, de<br \/>\nacordo com o respons\u00e1vel pela Diretoria Integrada I, delegado Neemias Falc\u00e3o,<br \/>\nas investiga\u00e7\u00f5es realizadas ir\u00e3o ter um refor\u00e7o a partir da opera\u00e7\u00e3o.<\/p>\n<p><\/p>\n<div class=\"separator\" style=\"clear: both; text-align: center;\">\n<a href=\"http:\/\/blogdoedvaldomagalhaes.com.br\/wp-content\/uploads\/2017\/05\/10-Etical-20.jpg\" imageanchor=\"1\" style=\"clear: left; float: left; margin-bottom: 1em; margin-right: 1em;\"><img decoding=\"async\" border=\"0\" src=\"http:\/\/blogdoedvaldomagalhaes.com.br\/wp-content\/uploads\/2017\/05\/10-Etical-20.jpg\" \/><\/a><\/div>\n<p><\/div>\n","protected":false},"excerpt":{"rendered":"<p>Deflagrada na manh\u00e3 desta ter\u00e7a-feira (23), em Caruaru, mais uma etapa da Opera\u00e7\u00e3o For\u00e7a no Foco, que tem como objetivo&hellip;<\/p>\n","protected":false},"author":1,"featured_media":0,"comment_status":"open","ping_status":"open","sticky":false,"template":"","format":"standard","meta":{"footnotes":""},"categories":[1],"tags":[2,7920,13],"class_list":["post-5897","post","type-post","status-publish","format-standard","hentry","category-sem-categoria","tag-blog-do-edvaldo-magalhaes","tag-operacao-forca-no-foco-busca-homicidas-em-caruaru","tag-policial"],"_links":{"self":[{"href":"https:\/\/blogdoedvaldomagalhaes.com.br\/index.php\/wp-json\/wp\/v2\/posts\/5897","targetHints":{"allow":["GET"]}}],"collection":[{"href":"https:\/\/blogdoedvaldomagalhaes.com.br\/index.php\/wp-json\/wp\/v2\/posts"}],"about":[{"href":"https:\/\/blogdoedvaldomagalhaes.com.br\/index.php\/wp-json\/wp\/v2\/types\/post"}],"author":[{"embeddable":true,"href":"https:\/\/blogdoedvaldomagalhaes.com.br\/index.php\/wp-json\/wp\/v2\/users\/1"}],"replies":[{"embeddable":true,"href":"https:\/\/blogdoedvaldomagalhaes.com.br\/index.php\/wp-json\/wp\/v2\/comments?post=5897"}],"version-history":[{"count":1,"href":"https:\/\/blogdoedvaldomagalhaes.com.br\/index.php\/wp-json\/wp\/v2\/posts\/5897\/revisions"}],"predecessor-version":[{"id":20032,"href":"https:\/\/blogdoedvaldomagalhaes.com.br\/index.php\/wp-json\/wp\/v2\/posts\/5897\/revisions\/20032"}],"wp:attachment":[{"href":"https:\/\/blogdoedvaldomagalhaes.com.br\/index.php\/wp-json\/wp\/v2\/media?parent=5897"}],"wp:term":[{"taxonomy":"category","embeddable":true,"href":"https:\/\/blogdoedvaldomagalhaes.com.br\/index.php\/wp-json\/wp\/v2\/categories?post=5897"},{"taxonomy":"post_tag","embeddable":true,"href":"https:\/\/blogdoedvaldomagalhaes.com.br\/index.php\/wp-json\/wp\/v2\/tags?post=5897"}],"curies":[{"name":"wp","href":"https:\/\/api.w.org\/{rel}","templated":true}]}}