{"id":5896,"date":"2017-05-23T17:20:00","date_gmt":"2017-05-23T20:20:00","guid":{"rendered":"http:\/\/blogdoedvaldomagalhaes.com.br\/index.php\/2017\/05\/23\/seminario-dos-movimentos-sociais\/"},"modified":"2019-02-09T01:28:04","modified_gmt":"2019-02-09T03:28:04","slug":"seminario-dos-movimentos-sociais","status":"publish","type":"post","link":"https:\/\/blogdoedvaldomagalhaes.com.br\/index.php\/2017\/05\/23\/seminario-dos-movimentos-sociais\/","title":{"rendered":"Semin\u00e1rio dos Movimentos Sociais voltados para a Popula\u00e7\u00e3o Negra em Caruaru"},"content":{"rendered":"<div class=\"separator\" style=\"clear: both; text-align: center;\">\n<a href=\"https:\/\/3.bp.blogspot.com\/-WN9QUMBwSwg\/WSRvQQ3-naI\/AAAAAAAAWEY\/wFuS31Qc2NEzsEyiS3BvLOpb16rH-kK6gCLcB\/s1600\/semin%25C3%25A1rio.jpg\" imageanchor=\"1\" style=\"margin-left: 1em; margin-right: 1em;\"><img loading=\"lazy\" decoding=\"async\" border=\"0\" height=\"400\" src=\"http:\/\/blogdoedvaldomagalhaes.com.br\/wp-content\/uploads\/2017\/05\/seminC3A1rio.jpg\" width=\"281\" \/><\/a><\/div>\n<div class=\"xmsonormal\" style=\"background: white; margin-bottom: .0001pt; margin: 0cm; text-align: justify; vertical-align: baseline;\">\n<\/div>\n<div class=\"xmsonormal\" style=\"background: white; margin-bottom: .0001pt; margin: 0cm; text-align: justify; vertical-align: baseline;\">\nA<br \/>\nSecretaria Municipal de Sa\u00fade, em parceria com a Unegro, realizar\u00e1, quinta-feira (25), das 8h \u00e0s 13h, no audit\u00f3rio da UNINASSAU, o I Semin\u00e1rio dos Movimentos<br \/>\nSociais voltados para a Popula\u00e7\u00e3o Negra de Caruaru. A estimativa \u00e9 que cerca de<br \/>\n180 pessoas participem do evento, que tem como p\u00fablico-alvo profissionais de<br \/>\nsa\u00fade, autoridades locais, estudantes e comunidade negra.<\/p>\n<\/div>\n<div class=\"xmsonormal\" style=\"background: white; margin: 0cm 0cm 0.0001pt; outline: 0px; text-align: justify; vertical-align: baseline;\">\nDe acordo com a coordenadora da Pol\u00edtica<br \/>\nde Sa\u00fade Integral da Popula\u00e7\u00e3o Negra de Caruaru, Eliane Dauer, esse evento \u00e9 um<br \/>\nmomento hist\u00f3rico dos movimentos sociais do munic\u00edpio e de fundamental<br \/>\nimport\u00e2ncia na pol\u00edtica para o fortalecimento da democracia, no processo de<br \/>\ninclus\u00e3o social e na conquista dos direitos em comum.<\/p>\n<\/div>\n<div class=\"xmsonormal\" style=\"background: white; margin: 0cm 0cm 0.0001pt; outline: 0px; text-align: justify; vertical-align: baseline;\">\nDurante a programa\u00e7\u00e3o, haver\u00e1 palestra com<br \/>\no tema \u201cAvan\u00e7os e Retrocessos na Pol\u00edtica Nacional de Sa\u00fade da Popula\u00e7\u00e3o<br \/>\nNegra\u201d, ministrada pela conselheira nacional de Sa\u00fade e coordenadora nacional<br \/>\nde Sa\u00fade da Unegro, Concei\u00e7\u00e3o Silva.<\/div>\n<div class=\"xmsonormal\" style=\"background: white; margin: 0cm 0cm 0.0001pt; outline: 0px; text-align: justify; vertical-align: baseline;\">\n<div class=\"separator\" style=\"clear: both; text-align: center;\">\n<a href=\"http:\/\/blogdoedvaldomagalhaes.com.br\/wp-content\/uploads\/2017\/05\/ForrC3B3SolidC3A1rio-6.jpg\" imageanchor=\"1\" style=\"clear: left; float: left; margin-bottom: 1em; margin-right: 1em;\"><img decoding=\"async\" border=\"0\" src=\"http:\/\/blogdoedvaldomagalhaes.com.br\/wp-content\/uploads\/2017\/05\/ForrC3B3SolidC3A1rio-6.jpg\" \/><\/a><\/div>\n<p><\/div>\n","protected":false},"excerpt":{"rendered":"<p>A Secretaria Municipal de Sa\u00fade, em parceria com a Unegro, realizar\u00e1, quinta-feira (25), das 8h \u00e0s 13h, no audit\u00f3rio da&hellip;<\/p>\n","protected":false},"author":1,"featured_media":0,"comment_status":"open","ping_status":"open","sticky":false,"template":"","format":"standard","meta":{"footnotes":""},"categories":[1],"tags":[2,6,7919],"class_list":["post-5896","post","type-post","status-publish","format-standard","hentry","category-sem-categoria","tag-blog-do-edvaldo-magalhaes","tag-noticias","tag-seminario-dos-movimentos-sociais-voltados-para-a-populacao-negra-em-caruaru"],"_links":{"self":[{"href":"https:\/\/blogdoedvaldomagalhaes.com.br\/index.php\/wp-json\/wp\/v2\/posts\/5896","targetHints":{"allow":["GET"]}}],"collection":[{"href":"https:\/\/blogdoedvaldomagalhaes.com.br\/index.php\/wp-json\/wp\/v2\/posts"}],"about":[{"href":"https:\/\/blogdoedvaldomagalhaes.com.br\/index.php\/wp-json\/wp\/v2\/types\/post"}],"author":[{"embeddable":true,"href":"https:\/\/blogdoedvaldomagalhaes.com.br\/index.php\/wp-json\/wp\/v2\/users\/1"}],"replies":[{"embeddable":true,"href":"https:\/\/blogdoedvaldomagalhaes.com.br\/index.php\/wp-json\/wp\/v2\/comments?post=5896"}],"version-history":[{"count":1,"href":"https:\/\/blogdoedvaldomagalhaes.com.br\/index.php\/wp-json\/wp\/v2\/posts\/5896\/revisions"}],"predecessor-version":[{"id":20035,"href":"https:\/\/blogdoedvaldomagalhaes.com.br\/index.php\/wp-json\/wp\/v2\/posts\/5896\/revisions\/20035"}],"wp:attachment":[{"href":"https:\/\/blogdoedvaldomagalhaes.com.br\/index.php\/wp-json\/wp\/v2\/media?parent=5896"}],"wp:term":[{"taxonomy":"category","embeddable":true,"href":"https:\/\/blogdoedvaldomagalhaes.com.br\/index.php\/wp-json\/wp\/v2\/categories?post=5896"},{"taxonomy":"post_tag","embeddable":true,"href":"https:\/\/blogdoedvaldomagalhaes.com.br\/index.php\/wp-json\/wp\/v2\/tags?post=5896"}],"curies":[{"name":"wp","href":"https:\/\/api.w.org\/{rel}","templated":true}]}}