{"id":5895,"date":"2017-05-23T17:25:00","date_gmt":"2017-05-23T20:25:00","guid":{"rendered":"http:\/\/blogdoedvaldomagalhaes.com.br\/index.php\/2017\/05\/23\/professores-de-caruaru-vao-parar-quarta\/"},"modified":"2019-02-09T01:28:04","modified_gmt":"2019-02-09T03:28:04","slug":"professores-de-caruaru-vao-parar-quarta","status":"publish","type":"post","link":"https:\/\/blogdoedvaldomagalhaes.com.br\/index.php\/2017\/05\/23\/professores-de-caruaru-vao-parar-quarta\/","title":{"rendered":"Professores de Caruaru v\u00e3o parar quarta e quinta-feiras"},"content":{"rendered":"<div class=\"separator\" style=\"clear: both; text-align: center;\">\n<a href=\"https:\/\/2.bp.blogspot.com\/-z10fmBGMYao\/WSRwAquKegI\/AAAAAAAAWEg\/J8DU78DC0_sh5ittm-Sm05X0IoUxJ6eBwCLcB\/s1600\/sismuc.jpg\" imageanchor=\"1\" style=\"margin-left: 1em; margin-right: 1em;\"><img loading=\"lazy\" decoding=\"async\" border=\"0\" height=\"315\" src=\"http:\/\/blogdoedvaldomagalhaes.com.br\/wp-content\/uploads\/2017\/05\/sismuc-5.jpg\" width=\"400\" \/><\/a><\/div>\n<div style=\"background: white; margin-bottom: 18.0pt; margin-left: 0cm; margin-right: 0cm; margin-top: 0cm; text-align: justify; vertical-align: baseline;\">\n<\/div>\n<div style=\"background: white; margin-bottom: 18.0pt; margin-left: 0cm; margin-right: 0cm; margin-top: 0cm; text-align: justify; vertical-align: baseline;\">\nOs<br \/>\nProfessores da Rede P\u00fablica Municipal de Ensino de Caruaru, v\u00e3o cruzar os<br \/>\nbra\u00e7os nestas quarta e quinta-feiras dias 24 e 25, em mais uma Parada de Advert\u00eancia<br \/>\npromovida pelo SISMUC Regional, contra o a prefeitura da cidade.<\/div>\n<p><\/p>\n<div style=\"background: white; margin: 0cm 0cm 0.0001pt; outline: 0px; text-align: justify; vertical-align: baseline;\">\nSegundo o presidente do Sismuc Regional, Eduardo Mendon\u00e7a &#8220;os<br \/>\ndocentes continuam insatisfeitos com a falta de di\u00e1logo e entendimento por<br \/>\nparte da Prefeita Raquel Lyra com a categoria&#8221;.<\/div>\n<div style=\"background: white; margin: 0cm 0cm 0.0001pt; outline: 0px; text-align: justify; vertical-align: baseline;\">\n<\/div>\n<div class=\"separator\" style=\"clear: both; text-align: center;\">\n<a href=\"http:\/\/blogdoedvaldomagalhaes.com.br\/wp-content\/uploads\/2017\/05\/2-SISMUC-20.jpg\" imageanchor=\"1\" style=\"clear: left; float: left; margin-bottom: 1em; margin-right: 1em;\"><img decoding=\"async\" border=\"0\" src=\"http:\/\/blogdoedvaldomagalhaes.com.br\/wp-content\/uploads\/2017\/05\/2-SISMUC-20.jpg\" \/><\/a><\/div>\n<div style=\"background: white; margin: 0cm 0cm 0.0001pt; outline: 0px; text-align: justify; vertical-align: baseline;\">\n<\/div>\n","protected":false},"excerpt":{"rendered":"<p>Os Professores da Rede P\u00fablica Municipal de Ensino de Caruaru, v\u00e3o cruzar os bra\u00e7os nestas quarta e quinta-feiras dias 24&hellip;<\/p>\n","protected":false},"author":1,"featured_media":0,"comment_status":"open","ping_status":"open","sticky":false,"template":"","format":"standard","meta":{"footnotes":""},"categories":[1],"tags":[992,3236,6,7917,7918],"class_list":["post-5895","post","type-post","status-publish","format-standard","hentry","category-sem-categoria","tag-blog-do-edvaldo-do-magalhaes","tag-eduardo-mendonca","tag-noticias","tag-professores-de-caruaru-vao-parar-quarta-e-quinta-feiras","tag-sismuc-regional"],"_links":{"self":[{"href":"https:\/\/blogdoedvaldomagalhaes.com.br\/index.php\/wp-json\/wp\/v2\/posts\/5895","targetHints":{"allow":["GET"]}}],"collection":[{"href":"https:\/\/blogdoedvaldomagalhaes.com.br\/index.php\/wp-json\/wp\/v2\/posts"}],"about":[{"href":"https:\/\/blogdoedvaldomagalhaes.com.br\/index.php\/wp-json\/wp\/v2\/types\/post"}],"author":[{"embeddable":true,"href":"https:\/\/blogdoedvaldomagalhaes.com.br\/index.php\/wp-json\/wp\/v2\/users\/1"}],"replies":[{"embeddable":true,"href":"https:\/\/blogdoedvaldomagalhaes.com.br\/index.php\/wp-json\/wp\/v2\/comments?post=5895"}],"version-history":[{"count":1,"href":"https:\/\/blogdoedvaldomagalhaes.com.br\/index.php\/wp-json\/wp\/v2\/posts\/5895\/revisions"}],"predecessor-version":[{"id":20038,"href":"https:\/\/blogdoedvaldomagalhaes.com.br\/index.php\/wp-json\/wp\/v2\/posts\/5895\/revisions\/20038"}],"wp:attachment":[{"href":"https:\/\/blogdoedvaldomagalhaes.com.br\/index.php\/wp-json\/wp\/v2\/media?parent=5895"}],"wp:term":[{"taxonomy":"category","embeddable":true,"href":"https:\/\/blogdoedvaldomagalhaes.com.br\/index.php\/wp-json\/wp\/v2\/categories?post=5895"},{"taxonomy":"post_tag","embeddable":true,"href":"https:\/\/blogdoedvaldomagalhaes.com.br\/index.php\/wp-json\/wp\/v2\/tags?post=5895"}],"curies":[{"name":"wp","href":"https:\/\/api.w.org\/{rel}","templated":true}]}}