{"id":589,"date":"2018-11-28T17:52:00","date_gmt":"2018-11-28T19:52:00","guid":{"rendered":"http:\/\/blogdoedvaldomagalhaes.com.br\/index.php\/2018\/11\/28\/lions-caruaru-realiza-mais-um-bazar\/"},"modified":"2019-02-09T02:43:17","modified_gmt":"2019-02-09T04:43:17","slug":"lions-caruaru-realiza-mais-um-bazar","status":"publish","type":"post","link":"https:\/\/blogdoedvaldomagalhaes.com.br\/index.php\/2018\/11\/28\/lions-caruaru-realiza-mais-um-bazar\/","title":{"rendered":"Lions Caruaru realiza mais um bazar solid\u00e1rio neste s\u00e1bado"},"content":{"rendered":"<div class=\"separator\" style=\"clear: both; text-align: center;\">\n<a href=\"https:\/\/3.bp.blogspot.com\/-M5UzBzUW_TU\/W_7ViZDPweI\/AAAAAAAA-iE\/m8mXsdLLIW0vLgRyO3sdycMeISojeKZ3ACLcBGAs\/s1600\/01.jpg\" imageanchor=\"1\" style=\"margin-left: 1em; margin-right: 1em;\"><img loading=\"lazy\" decoding=\"async\" border=\"0\" data-original-height=\"720\" data-original-width=\"960\" height=\"480\" src=\"http:\/\/blogdoedvaldomagalhaes.com.br\/wp-content\/uploads\/2018\/11\/01-1.jpg\" width=\"640\" \/><\/a><\/div>\n<p><\/p>\n<div style=\"text-align: justify;\">\nO clube de servi\u00e7os, Lions Caruaru, realiza neste s\u00e1bado (01), das 9h \u00e0s 15h, no bairro S\u00e3o Jo\u00e3o da Esc\u00f3cia, o terceiro bazar solid\u00e1rio de 2018. A ideia da a\u00e7\u00e3o \u00e9 vender produtos, a pre\u00e7os populares, para levantar verba para a realiza\u00e7\u00e3o do Natal Lions, que este ano vai atender cerca de 250 crian\u00e7as da&nbsp; Associa\u00e7\u00e3o de Pais e Amigos dos Excepcionais (Apae).<\/div>\n<div style=\"text-align: justify;\">\n<\/div>\n<div style=\"text-align: justify;\">\nNo bazar ser\u00e3o oferecidos produtos masculinos, femininos e infantis, com valores de at\u00e9 R$ 10,00 (dez reais). Al\u00e9m de roupas, as pessoas podem encontrar acess\u00f3rios, cal\u00e7ados e eletrodom\u00e9sticos. A a\u00e7\u00e3o ser\u00e1 realizada na Escola Jos\u00e9lia Flor\u00eancio.<\/div>\n<div style=\"text-align: justify;\">\n<\/div>\n<div class=\"separator\" style=\"clear: both; text-align: center;\">\n<a href=\"https:\/\/3.bp.blogspot.com\/-vyh1U0Vnd70\/W_7VxdmkrfI\/AAAAAAAA-iI\/UNtNq9hYV0gkfbFcOMYtKpxinMVxNgXbQCLcBGAs\/s1600\/02.jpeg\" imageanchor=\"1\" style=\"margin-left: 1em; margin-right: 1em;\"><img loading=\"lazy\" decoding=\"async\" border=\"0\" data-original-height=\"401\" data-original-width=\"945\" height=\"270\" src=\"http:\/\/blogdoedvaldomagalhaes.com.br\/wp-content\/uploads\/2018\/11\/02-1.jpeg\" width=\"640\" \/><\/a><\/div>\n<div style=\"text-align: justify;\">\n<\/div>\n<div style=\"text-align: justify;\">\nAo todo ser\u00e3o promovidos quatro bazares, o \u00faltimo est\u00e1 previsto para o dia 15 de dezembro, na sede do pr\u00f3prio Lions.&nbsp;&nbsp;<\/div>\n<div style=\"text-align: justify;\">\n<\/div>\n<div style=\"text-align: justify;\">\n\u201cO Natal Lions \u00e9 o momento de nossa celebra\u00e7\u00e3o junto \u00e0 comunidade. Aproveitamos o lema do Lions Internacional, que \u00e9 \u2018N\u00f3s servimos\u2019, para doar nosso tempo, nosso trabalho e nossa aten\u00e7\u00e3o para servir a quem precisa de acolhimento no natal. Realizamos esta festa h\u00e1 mais de 50 anos e nossa ideia \u00e9 conseguir beneficiar cada vez mais fam\u00edlias\u201d, revelou o presidente do Lions Clube Caruaru, Fernando Santos.<\/div>\n<div style=\"text-align: justify;\">\n<\/div>\n<div class=\"separator\" style=\"clear: both; text-align: center;\">\n<a href=\"https:\/\/2.bp.blogspot.com\/-zlFwBt6CYPU\/W_7V1yYFlPI\/AAAAAAAA-iQ\/KKvshvyejW8K6ldqc0l3b7qvdxBcn8AcACLcBGAs\/s1600\/003.jpeg\" imageanchor=\"1\" style=\"margin-left: 1em; margin-right: 1em;\"><img loading=\"lazy\" decoding=\"async\" border=\"0\" data-original-height=\"414\" data-original-width=\"563\" height=\"470\" src=\"http:\/\/blogdoedvaldomagalhaes.com.br\/wp-content\/uploads\/2018\/11\/003.jpeg\" width=\"640\" \/><\/a><\/div>\n<div style=\"text-align: justify;\">\n<\/div>\n<div style=\"text-align: justify;\">\nA festa de natal ser\u00e1 realizada no dia 21 de dezembro, \u00e0s 13h, no sal\u00e3o da loja ma\u00e7\u00f4nica Dever e Humanidade, no bairro Petr\u00f3polis, com distribui\u00e7\u00e3o de presentes para as crian\u00e7as, brincadeiras, guloseimas, parque e entrega de cestas b\u00e1sicas para os pais.&nbsp;<\/div>\n<div style=\"text-align: justify;\">\n<\/div>\n","protected":false},"excerpt":{"rendered":"<p>O clube de servi\u00e7os, Lions Caruaru, realiza neste s\u00e1bado (01), das 9h \u00e0s 15h, no bairro S\u00e3o Jo\u00e3o da Esc\u00f3cia,&hellip;<\/p>\n","protected":false},"author":1,"featured_media":0,"comment_status":"open","ping_status":"open","sticky":false,"template":"","format":"standard","meta":{"footnotes":""},"categories":[1],"tags":[2,509,6],"class_list":["post-589","post","type-post","status-publish","format-standard","hentry","category-sem-categoria","tag-blog-do-edvaldo-magalhaes","tag-lions-caruaru-realiza-mais-um-bazar-solidario-neste-sabado","tag-noticias"],"_links":{"self":[{"href":"https:\/\/blogdoedvaldomagalhaes.com.br\/index.php\/wp-json\/wp\/v2\/posts\/589","targetHints":{"allow":["GET"]}}],"collection":[{"href":"https:\/\/blogdoedvaldomagalhaes.com.br\/index.php\/wp-json\/wp\/v2\/posts"}],"about":[{"href":"https:\/\/blogdoedvaldomagalhaes.com.br\/index.php\/wp-json\/wp\/v2\/types\/post"}],"author":[{"embeddable":true,"href":"https:\/\/blogdoedvaldomagalhaes.com.br\/index.php\/wp-json\/wp\/v2\/users\/1"}],"replies":[{"embeddable":true,"href":"https:\/\/blogdoedvaldomagalhaes.com.br\/index.php\/wp-json\/wp\/v2\/comments?post=589"}],"version-history":[{"count":1,"href":"https:\/\/blogdoedvaldomagalhaes.com.br\/index.php\/wp-json\/wp\/v2\/posts\/589\/revisions"}],"predecessor-version":[{"id":36250,"href":"https:\/\/blogdoedvaldomagalhaes.com.br\/index.php\/wp-json\/wp\/v2\/posts\/589\/revisions\/36250"}],"wp:attachment":[{"href":"https:\/\/blogdoedvaldomagalhaes.com.br\/index.php\/wp-json\/wp\/v2\/media?parent=589"}],"wp:term":[{"taxonomy":"category","embeddable":true,"href":"https:\/\/blogdoedvaldomagalhaes.com.br\/index.php\/wp-json\/wp\/v2\/categories?post=589"},{"taxonomy":"post_tag","embeddable":true,"href":"https:\/\/blogdoedvaldomagalhaes.com.br\/index.php\/wp-json\/wp\/v2\/tags?post=589"}],"curies":[{"name":"wp","href":"https:\/\/api.w.org\/{rel}","templated":true}]}}