{"id":5881,"date":"2017-05-25T10:47:00","date_gmt":"2017-05-25T13:47:00","guid":{"rendered":"http:\/\/blogdoedvaldomagalhaes.com.br\/index.php\/2017\/05\/25\/sargento-e-baleado-em-troca-de-tiros\/"},"modified":"2019-02-09T01:28:13","modified_gmt":"2019-02-09T03:28:13","slug":"sargento-e-baleado-em-troca-de-tiros","status":"publish","type":"post","link":"https:\/\/blogdoedvaldomagalhaes.com.br\/index.php\/2017\/05\/25\/sargento-e-baleado-em-troca-de-tiros\/","title":{"rendered":"Sargento \u00e9 baleado em troca de tiros com bandidos e morre no HRA"},"content":{"rendered":"<div class=\"separator\" style=\"clear: both; text-align: center;\">\n<a href=\"https:\/\/2.bp.blogspot.com\/-sClCg7WDoNE\/WSa13_QgreI\/AAAAAAAAWLA\/pCxc6TYvbYY57rbj67C6IA84NRCtOWieACLcB\/s1600\/stg.jpg\" imageanchor=\"1\" style=\"margin-left: 1em; margin-right: 1em;\"><img loading=\"lazy\" decoding=\"async\" border=\"0\" data-original-height=\"540\" data-original-width=\"477\" height=\"400\" src=\"http:\/\/blogdoedvaldomagalhaes.com.br\/wp-content\/uploads\/2017\/05\/stg.jpg\" width=\"352\" \/><\/a><\/div>\n<div style=\"background: white; margin-bottom: 7.5pt; margin-left: 0cm; margin-right: 0cm; margin-top: 0cm; mso-line-height-alt: 18.0pt; text-align: justify;\">\n<\/div>\n<div style=\"background: white; margin-bottom: 7.5pt; margin-left: 0cm; margin-right: 0cm; margin-top: 0cm; mso-line-height-alt: 18.0pt; text-align: justify;\">\nEm<br \/>\nCaruaru, mesmo com duas opera\u00e7\u00f5es em execu\u00e7\u00e3o \u2013 Rone e For\u00e7a no Foco \u2013 a<br \/>\nbandidagem n\u00e3o d\u00e1 tr\u00e9gua. Na noite dessa quarta-feira (24), um sargento lotado<br \/>\nno 4\u00ba Batalh\u00e3o da Pol\u00edcia Militar foi baleado durante troca de tiros com<br \/>\nbandidos no bairro Indian\u00f3polis.<\/div>\n<div style=\"background: white; box-sizing: border-box; margin: 0cm 0cm 7.5pt; text-align: justify;\">\nSargento Wagner Alberes da Silva, 33 anos, que morava na rua da Malta, no bairro Santa Rosa, foi atingido com 3 tiros e morreu no Hospital<br \/>\nRegional do Agreste (HRA) por volta das 2h desta quinta-feira (25). Ele estava<br \/>\nem companhia de outro policial que tamb\u00e9m se feriu, recebeu atendimento m\u00e9dico<br \/>\ne foi liberado.<\/div>\n<div style=\"background-color: white; box-sizing: border-box; line-height: 24px; margin-bottom: 10px; text-align: justify;\">\n<\/div>\n<div style=\"background: white; box-sizing: border-box; margin: 0cm 0cm 7.5pt; text-align: justify;\">\nDe acordo com informa\u00e7\u00f5es iniciais, o militar estava de f\u00e9rias,<br \/>\nassistia ao jogo Sport x Bahia, em um bar, quando tr\u00eas homens encapuzados<br \/>\ninvadiram o estabelecimento e anunciaram um assalto. Os criminosos fugiram em<br \/>\num ve\u00edculo Fiesta cor azul. Um deles teria ficado ferido, mas nenhum suspeito<br \/>\nfoi localizado.<\/div>\n<div style=\"background: white; box-sizing: border-box; margin: 0cm 0cm 7.5pt; text-align: justify;\">\nEste foi o 20\u00ba homic\u00eddio em maio e o 121\u00ba no ano em Caruaru.<\/p>\n<p><\/p>\n<div class=\"separator\" style=\"clear: both; text-align: center;\">\n<a href=\"http:\/\/blogdoedvaldomagalhaes.com.br\/wp-content\/uploads\/2017\/05\/sismuc-7.jpg\" imageanchor=\"1\" style=\"clear: left; float: left; margin-bottom: 1em; margin-right: 1em;\"><img decoding=\"async\" border=\"0\" data-original-height=\"100\" data-original-width=\"570\" src=\"http:\/\/blogdoedvaldomagalhaes.com.br\/wp-content\/uploads\/2017\/05\/sismuc-7.jpg\" \/><\/a><\/div>\n<p><\/div>\n","protected":false},"excerpt":{"rendered":"<p>Em Caruaru, mesmo com duas opera\u00e7\u00f5es em execu\u00e7\u00e3o \u2013 Rone e For\u00e7a no Foco \u2013 a bandidagem n\u00e3o d\u00e1 tr\u00e9gua.&hellip;<\/p>\n","protected":false},"author":1,"featured_media":0,"comment_status":"open","ping_status":"open","sticky":false,"template":"","format":"standard","meta":{"footnotes":""},"categories":[1],"tags":[2,3004,13,7899],"class_list":["post-5881","post","type-post","status-publish","format-standard","hentry","category-sem-categoria","tag-blog-do-edvaldo-magalhaes","tag-hospital-regional-de-agreste","tag-policial","tag-sargento-e-baleado-em-troca-de-tiros-com-bandidos-e-morre-no-hra"],"_links":{"self":[{"href":"https:\/\/blogdoedvaldomagalhaes.com.br\/index.php\/wp-json\/wp\/v2\/posts\/5881","targetHints":{"allow":["GET"]}}],"collection":[{"href":"https:\/\/blogdoedvaldomagalhaes.com.br\/index.php\/wp-json\/wp\/v2\/posts"}],"about":[{"href":"https:\/\/blogdoedvaldomagalhaes.com.br\/index.php\/wp-json\/wp\/v2\/types\/post"}],"author":[{"embeddable":true,"href":"https:\/\/blogdoedvaldomagalhaes.com.br\/index.php\/wp-json\/wp\/v2\/users\/1"}],"replies":[{"embeddable":true,"href":"https:\/\/blogdoedvaldomagalhaes.com.br\/index.php\/wp-json\/wp\/v2\/comments?post=5881"}],"version-history":[{"count":1,"href":"https:\/\/blogdoedvaldomagalhaes.com.br\/index.php\/wp-json\/wp\/v2\/posts\/5881\/revisions"}],"predecessor-version":[{"id":20084,"href":"https:\/\/blogdoedvaldomagalhaes.com.br\/index.php\/wp-json\/wp\/v2\/posts\/5881\/revisions\/20084"}],"wp:attachment":[{"href":"https:\/\/blogdoedvaldomagalhaes.com.br\/index.php\/wp-json\/wp\/v2\/media?parent=5881"}],"wp:term":[{"taxonomy":"category","embeddable":true,"href":"https:\/\/blogdoedvaldomagalhaes.com.br\/index.php\/wp-json\/wp\/v2\/categories?post=5881"},{"taxonomy":"post_tag","embeddable":true,"href":"https:\/\/blogdoedvaldomagalhaes.com.br\/index.php\/wp-json\/wp\/v2\/tags?post=5881"}],"curies":[{"name":"wp","href":"https:\/\/api.w.org\/{rel}","templated":true}]}}