{"id":588,"date":"2018-11-28T18:07:00","date_gmt":"2018-11-28T20:07:00","guid":{"rendered":"http:\/\/blogdoedvaldomagalhaes.com.br\/index.php\/2018\/11\/28\/veja-como-foi-4-edicao-do-cha-trans-e\/"},"modified":"2019-02-09T02:43:22","modified_gmt":"2019-02-09T04:43:22","slug":"veja-como-foi-4-edicao-do-cha-trans-e","status":"publish","type":"post","link":"https:\/\/blogdoedvaldomagalhaes.com.br\/index.php\/2018\/11\/28\/veja-como-foi-4-edicao-do-cha-trans-e\/","title":{"rendered":"Veja como foi a 4\u00aa Edi\u00e7\u00e3o do Ch\u00e1 Trans em Caruaru"},"content":{"rendered":"<div class=\"separator\" style=\"clear: both; text-align: center;\">\n<a href=\"https:\/\/1.bp.blogspot.com\/-x8VVH7Omb70\/W_7YceWAndI\/AAAAAAAA-ig\/wg34iVqvrtEocJUs7NEXBrMrZQFhgvqfQCLcBGAs\/s1600\/trnaa%2B1.jpg\" imageanchor=\"1\" style=\"margin-left: 1em; margin-right: 1em;\"><img loading=\"lazy\" decoding=\"async\" border=\"0\" data-original-height=\"1068\" data-original-width=\"1600\" height=\"426\" src=\"http:\/\/blogdoedvaldomagalhaes.com.br\/wp-content\/uploads\/2018\/11\/trnaa1.jpg\" width=\"640\" \/><\/a><\/div>\n<div class=\"separator\" style=\"clear: both; text-align: center;\">\nFotos: Arnaldo F\u00e9lix\/Jorge Farias<\/div>\n<div style=\"text-align: justify;\">\n<\/div>\n<div style=\"text-align: justify;\">\nA Secretaria de Pol\u00edticas para Mulheres (SPM), da Prefeitura de Caruaru, realizou, nesta ter\u00e7a-feira (27), a quarta edi\u00e7\u00e3o do Ch\u00e1 Trans, um encontro voltado para mulheres transexuais e travestis de Caruaru e regi\u00e3o. O evento desta tarde trouxe o tema: \u201cLutar \u00e9 Preciso para o Enfrentamento da Viol\u00eancia Contra a Popula\u00e7\u00e3o Trans\u201d, e entrou como parte da programa\u00e7\u00e3o da campanha \u201c16 dias de Ativismo pelo fim da Viol\u00eancia contra as Mulheres\u201d, que est\u00e1 sendo promovida pela SPM. A Secretaria de Desenvolvimento Social e Direitos Humanos de Caruaru (SDSDH) protagonizou os di\u00e1logos do encontro com orienta\u00e7\u00f5es sobre o Cad \u00danico e programas sociais do Governo Federal, inclu\u00edndo o Minha Casa, Minha Vida.<\/div>\n<div style=\"text-align: justify;\">\n<\/div>\n<div class=\"separator\" style=\"clear: both; text-align: center;\">\n<a href=\"https:\/\/4.bp.blogspot.com\/-6NKEkeyAlFs\/W_7YmqJIUwI\/AAAAAAAA-io\/qZGYwocOIxoo42DyA758XnXcpIf4ahIrACLcBGAs\/s1600\/trans%2B2.jpg\" imageanchor=\"1\" style=\"margin-left: 1em; margin-right: 1em;\"><img loading=\"lazy\" decoding=\"async\" border=\"0\" data-original-height=\"1068\" data-original-width=\"1600\" height=\"426\" src=\"http:\/\/blogdoedvaldomagalhaes.com.br\/wp-content\/uploads\/2018\/11\/trans2.jpg\" width=\"640\" \/><\/a><\/div>\n<div style=\"text-align: justify;\">\n<\/div>\n<div style=\"text-align: justify;\">\nContribu\u00edram com o debate o gestor do Cad \u00danico municipal, Helder Lins, e o gerente de Projetos Habitacionais, Gilmar Pimenta, que \u00e9 tamb\u00e9m advogado, ambos da SDSDH. \u201cO Ch\u00e1 Trans est\u00e1 integrando \u00e0 campanha dos 16 Dias, mas j\u00e1 \u00e9 uma a\u00e7\u00e3o da SPM que a gente promove junto \u00e0s secretarias de Sa\u00fade e SDSDH para garantir os direitos dessas mulheres que sofrem exclus\u00e3o social e econ\u00f4mica. Se a gente trabalha para garantir o direito de toda mulher, elas tamb\u00e9m fazem parte dessa pauta. A sexualidade n\u00e3o \u00e9 uma coisa que vai limitar nossa cidadania, ela \u00e9 mais uma pauta pol\u00edtica que a gente precisa garantir\u201d, destacou a secret\u00e1ria da SPM, Juliana Gouveia.<\/div>\n<div style=\"text-align: justify;\">\n<\/div>\n<div class=\"separator\" style=\"clear: both; text-align: center;\">\n<a href=\"https:\/\/2.bp.blogspot.com\/-5SQYF1vrtXY\/W_7Y_9SqpsI\/AAAAAAAA-i0\/Bx0QNVgB6GwoTKAhSqXb70l6_-pIGGl8wCLcBGAs\/s1600\/trans%2B3.jpg\" imageanchor=\"1\" style=\"margin-left: 1em; margin-right: 1em;\"><img loading=\"lazy\" decoding=\"async\" border=\"0\" data-original-height=\"1068\" data-original-width=\"1600\" height=\"426\" src=\"http:\/\/blogdoedvaldomagalhaes.com.br\/wp-content\/uploads\/2018\/11\/trans3.jpg\" width=\"640\" \/><\/a><\/div>\n<div style=\"text-align: justify;\">\n<\/div>\n<div style=\"text-align: justify;\">\nAs participantes aproveitaram a oportunidade para tirar todas as d\u00favidas sobre os programas socias, como Poliana Sales, do bairro S\u00e3o Jo\u00e3o da Esc\u00f3cia. \u201cAchei os temas trabalhados bem atrativos, importante a gente saber detalhes sobre os programas sociais, como o Minha Casa, Minha Vida. \u00c9 o sonho de todas as mulheres trans conseguirem seu lar\u201d, destacou. A colega Andrea da Silva tamb\u00e9m elogiou a iniciativa. \u201cEu sempre acompanho o Ch\u00e1 Trans e gosto dos temas trabalhados e o de hoje foi bem escolhido: os programas sociais do governo que a gente pode ter direito tamb\u00e9m, como qualquer cidad\u00e3o\u201d, ressaltou Andrea.<\/div>\n<div style=\"text-align: justify;\">\n<\/div>\n<div class=\"separator\" style=\"clear: both; text-align: center;\">\n<a href=\"https:\/\/4.bp.blogspot.com\/-GNgdyjSpxr4\/W_7ZINu79zI\/AAAAAAAA-i4\/0uFQLUY9cjkdXkvIi4s2RTNkzWHAMmC-ACLcBGAs\/s1600\/trans%2B4.jpg\" imageanchor=\"1\" style=\"margin-left: 1em; margin-right: 1em;\"><img loading=\"lazy\" decoding=\"async\" border=\"0\" data-original-height=\"1068\" data-original-width=\"1600\" height=\"426\" src=\"http:\/\/blogdoedvaldomagalhaes.com.br\/wp-content\/uploads\/2018\/11\/trans4.jpg\" width=\"640\" \/><\/a><\/div>\n<div style=\"text-align: justify;\">\n<\/div>\n<div style=\"text-align: justify;\">\nO Ch\u00e1 Trans \u00e9 realizado pela coordenadora de Pol\u00edticas para Mulheres Trans, da SPM, Stephane Fechine, e consiste numa roda de di\u00e1logo que aborda temas variados sob os aspectos do protagonismo, atua\u00e7\u00e3o, direitos e deveres das mulheres transexuais e transg\u00eaneros do munic\u00edpio, entre outros assuntos relevantes para o segmento de pessoas trans de Caruaru e regi\u00e3o. O primeiro encontro aconteceu no dia 14 de maio deste ano, em alus\u00e3o ao Dia do Orgulho de ser Travesti e Transexual, celebrado em 15 de maio.&nbsp;<\/div>\n<div style=\"text-align: justify;\">\n<\/div>\n<div class=\"separator\" style=\"clear: both; text-align: center;\">\n<a href=\"https:\/\/1.bp.blogspot.com\/-10F1EvUx4qE\/W_7ZUwLsQ6I\/AAAAAAAA-jA\/BCfW-txqGBIAkgecYMxkmx1OAA1kT32bACLcBGAs\/s1600\/trans%2B5.JPG\" imageanchor=\"1\" style=\"margin-left: 1em; margin-right: 1em;\"><img loading=\"lazy\" decoding=\"async\" border=\"0\" data-original-height=\"1067\" data-original-width=\"1600\" height=\"426\" src=\"http:\/\/blogdoedvaldomagalhaes.com.br\/wp-content\/uploads\/2018\/11\/trans5.jpg\" width=\"640\" \/><\/a><\/div>\n<p><\/p>\n<div class=\"separator\" style=\"clear: both; text-align: center;\">\n<a href=\"https:\/\/4.bp.blogspot.com\/-AInNXnyvwGg\/W_7ZWyKzXYI\/AAAAAAAA-jE\/XP1PGwsKKwIu5IEJBHlaRIB4WVj_D9yBgCLcBGAs\/s1600\/trans%2B6.JPG\" imageanchor=\"1\" style=\"margin-left: 1em; margin-right: 1em;\"><img loading=\"lazy\" decoding=\"async\" border=\"0\" data-original-height=\"1067\" data-original-width=\"1600\" height=\"426\" src=\"http:\/\/blogdoedvaldomagalhaes.com.br\/wp-content\/uploads\/2018\/11\/trans6.jpg\" width=\"640\" \/><\/a><\/div>\n<div style=\"text-align: justify;\">\n<\/div>\n","protected":false},"excerpt":{"rendered":"<p>Fotos: Arnaldo F\u00e9lix\/Jorge Farias A Secretaria de Pol\u00edticas para Mulheres (SPM), da Prefeitura de Caruaru, realizou, nesta ter\u00e7a-feira (27), a&hellip;<\/p>\n","protected":false},"author":1,"featured_media":0,"comment_status":"open","ping_status":"open","sticky":false,"template":"","format":"standard","meta":{"footnotes":""},"categories":[1],"tags":[2,6,508],"class_list":["post-588","post","type-post","status-publish","format-standard","hentry","category-sem-categoria","tag-blog-do-edvaldo-magalhaes","tag-noticias","tag-veja-como-foi-a-4a-edicao-do-cha-trans-em-caruaru"],"_links":{"self":[{"href":"https:\/\/blogdoedvaldomagalhaes.com.br\/index.php\/wp-json\/wp\/v2\/posts\/588","targetHints":{"allow":["GET"]}}],"collection":[{"href":"https:\/\/blogdoedvaldomagalhaes.com.br\/index.php\/wp-json\/wp\/v2\/posts"}],"about":[{"href":"https:\/\/blogdoedvaldomagalhaes.com.br\/index.php\/wp-json\/wp\/v2\/types\/post"}],"author":[{"embeddable":true,"href":"https:\/\/blogdoedvaldomagalhaes.com.br\/index.php\/wp-json\/wp\/v2\/users\/1"}],"replies":[{"embeddable":true,"href":"https:\/\/blogdoedvaldomagalhaes.com.br\/index.php\/wp-json\/wp\/v2\/comments?post=588"}],"version-history":[{"count":1,"href":"https:\/\/blogdoedvaldomagalhaes.com.br\/index.php\/wp-json\/wp\/v2\/posts\/588\/revisions"}],"predecessor-version":[{"id":36257,"href":"https:\/\/blogdoedvaldomagalhaes.com.br\/index.php\/wp-json\/wp\/v2\/posts\/588\/revisions\/36257"}],"wp:attachment":[{"href":"https:\/\/blogdoedvaldomagalhaes.com.br\/index.php\/wp-json\/wp\/v2\/media?parent=588"}],"wp:term":[{"taxonomy":"category","embeddable":true,"href":"https:\/\/blogdoedvaldomagalhaes.com.br\/index.php\/wp-json\/wp\/v2\/categories?post=588"},{"taxonomy":"post_tag","embeddable":true,"href":"https:\/\/blogdoedvaldomagalhaes.com.br\/index.php\/wp-json\/wp\/v2\/tags?post=588"}],"curies":[{"name":"wp","href":"https:\/\/api.w.org\/{rel}","templated":true}]}}