{"id":587,"date":"2018-11-28T18:39:00","date_gmt":"2018-11-28T20:39:00","guid":{"rendered":"http:\/\/blogdoedvaldomagalhaes.com.br\/index.php\/2018\/11\/28\/vereador-apresenta-projeto-que-proibe\/"},"modified":"2019-02-09T02:43:25","modified_gmt":"2019-02-09T04:43:25","slug":"vereador-apresenta-projeto-que-proibe","status":"publish","type":"post","link":"https:\/\/blogdoedvaldomagalhaes.com.br\/index.php\/2018\/11\/28\/vereador-apresenta-projeto-que-proibe\/","title":{"rendered":"Vereador apresenta projeto que pro\u00edbe uso de fogos de artif\u00edcio que causem polui\u00e7\u00e3o sonora"},"content":{"rendered":"<div class=\"separator\" style=\"clear: both; text-align: center;\">\n<a href=\"https:\/\/2.bp.blogspot.com\/-8SgTrRDbIV0\/W_7glMdwe7I\/AAAAAAAA-jg\/YENpdBjgpuQjE775xeT3xG-jnH92ZuhWgCLcBGAs\/s1600\/artifgicos.jpg\" imageanchor=\"1\" style=\"margin-left: 1em; margin-right: 1em;\"><img loading=\"lazy\" decoding=\"async\" border=\"0\" data-original-height=\"500\" data-original-width=\"956\" height=\"330\" src=\"http:\/\/blogdoedvaldomagalhaes.com.br\/wp-content\/uploads\/2018\/11\/artifgicos.jpg\" width=\"640\" \/><\/a><\/div>\n<div class=\"separator\" style=\"clear: both; text-align: center;\">\nFoto ilustrativa\/Reprodu\u00e7\u00e3o\/Internet<\/div>\n<div class=\"separator\" style=\"clear: both; text-align: center;\">\n<\/div>\n<div style=\"text-align: justify;\">\n<\/div>\n<div style=\"text-align: justify;\">\nO vereador Daniel Finizola, apresentou nessa ter\u00e7a (27), Projeto de Lei que tem por objetivo, proibir o uso de fogos de artif\u00edcio que causem polui\u00e7\u00e3o sonora. Constru\u00eddo a partir de experi\u00eancias exitosas por todo o pa\u00eds e atendendo as demandas de donos e donas de animais dom\u00e9sticos, m\u00e3es e pais, familiares e cuidadores de pessoas idosas ou enfermas, o PL tem como objetivo diminuir os in\u00fameros danos causados \u00e0 sa\u00fade de pessoas e animais.<\/div>\n<div style=\"text-align: justify;\">\n<\/div>\n<div style=\"text-align: justify;\">\nDe acordo com a justificativa do Projeto de Lei, o barulho causado pelos fogos perturba em n\u00edveis inaceit\u00e1veis a vida de pessoas e animais. A cada estampido causado pelos fogos, seguem-se inc\u00f4modos graves especialmente para pessoas enfermas, idosos, beb\u00eas, pessoas com Alzheimer, S\u00edndrome de Down e Autistas. Mais ainda, animais dom\u00e9sticos como c\u00e3es e gatos, al\u00e9m de aves, chegam a \u00f3bito diante do desespero causado por sua agu\u00e7ada audi\u00e7\u00e3o. O per\u00edodo de festas juninas \u00e9, para os criadores de tais animais, um per\u00edodo de desespero, muitas vezes terminado em trag\u00e9dia. As mudan\u00e7as culturais s\u00e3o dif\u00edceis, mas necess\u00e1rias. Similar pol\u00eamica assistimos quando da proibi\u00e7\u00e3o da soltura de bal\u00f5es. Da mesma forma, muito ligados \u00e0 nossa tradi\u00e7\u00e3o, os males causados pelas queimadas foram suficientes para que pud\u00e9ssemos evoluir e extinguir tal comportamento de nossas festas juninas.<\/div>\n<div style=\"text-align: justify;\">\n<\/div>\n<div style=\"text-align: justify;\">\n\u00c9 importante destacar que o Projeto de Lei n\u00e3o sugere o fim dos fogos e sim o daqueles que provocam polui\u00e7\u00e3o sonora. Os fogos de artif\u00edcio podem continuar iluminando nossas noites festivas, sem, contudo, perturbar e at\u00e9 matar pessoas e animais. \u00c9 o caso dos fogos sem ru\u00eddo, que mant\u00e9m apenas sua beleza de cores e luzes. Diversos munic\u00edpios brasileiros e de outros pa\u00edses j\u00e1 estabeleceram por lei tal transforma\u00e7\u00e3o, como \u00e9 o caso de Santos (SP), Santa Maria (RS), Campinas (SP), Leopoldina (MG). Outros tantos decidiram eliminar os ru\u00eddos, ou grande parte deles, por a\u00e7\u00f5es diretas do Poder Executivo.<\/div>\n<div style=\"text-align: justify;\">\n<\/div>\n<div style=\"text-align: justify;\">\n\u201cTemos total compreens\u00e3o que o uso dos fogos de artif\u00edcio faz parte da tradi\u00e7\u00e3o e da cultura do povo de Caruaru. Sabemos tamb\u00e9m que mudan\u00e7as s\u00e3o dif\u00edceis e n\u00e3o por isso, menos necess\u00e1rias. N\u00e3o s\u00e3o poucos os danos causados pelo barulho produzido por esses fogos. Estamos trabalhando para preservar a qualidade de vida das pessoas. O debate est\u00e1 posto e \u00e9 nosso papel realiz\u00e1-lo\u201d, disse Daniel Finizola.<\/div>\n<div style=\"text-align: justify;\">\n<\/div>\n<div style=\"text-align: justify;\">\nPara ler o Projeto de Lei \u00edntegra, acesse: https:\/\/bit.ly\/2zwTWYp<\/div>\n<div style=\"text-align: justify;\">\n<\/div>\n","protected":false},"excerpt":{"rendered":"<p>Foto ilustrativa\/Reprodu\u00e7\u00e3o\/Internet O vereador Daniel Finizola, apresentou nessa ter\u00e7a (27), Projeto de Lei que tem por objetivo, proibir o uso&hellip;<\/p>\n","protected":false},"author":1,"featured_media":0,"comment_status":"open","ping_status":"open","sticky":false,"template":"","format":"standard","meta":{"footnotes":""},"categories":[1],"tags":[2,20,507],"class_list":["post-587","post","type-post","status-publish","format-standard","hentry","category-sem-categoria","tag-blog-do-edvaldo-magalhaes","tag-politica","tag-vereador-apresenta-projeto-que-proibe-uso-de-fogos-de-artificio-que-causem-poluicao-sonora"],"_links":{"self":[{"href":"https:\/\/blogdoedvaldomagalhaes.com.br\/index.php\/wp-json\/wp\/v2\/posts\/587","targetHints":{"allow":["GET"]}}],"collection":[{"href":"https:\/\/blogdoedvaldomagalhaes.com.br\/index.php\/wp-json\/wp\/v2\/posts"}],"about":[{"href":"https:\/\/blogdoedvaldomagalhaes.com.br\/index.php\/wp-json\/wp\/v2\/types\/post"}],"author":[{"embeddable":true,"href":"https:\/\/blogdoedvaldomagalhaes.com.br\/index.php\/wp-json\/wp\/v2\/users\/1"}],"replies":[{"embeddable":true,"href":"https:\/\/blogdoedvaldomagalhaes.com.br\/index.php\/wp-json\/wp\/v2\/comments?post=587"}],"version-history":[{"count":1,"href":"https:\/\/blogdoedvaldomagalhaes.com.br\/index.php\/wp-json\/wp\/v2\/posts\/587\/revisions"}],"predecessor-version":[{"id":36259,"href":"https:\/\/blogdoedvaldomagalhaes.com.br\/index.php\/wp-json\/wp\/v2\/posts\/587\/revisions\/36259"}],"wp:attachment":[{"href":"https:\/\/blogdoedvaldomagalhaes.com.br\/index.php\/wp-json\/wp\/v2\/media?parent=587"}],"wp:term":[{"taxonomy":"category","embeddable":true,"href":"https:\/\/blogdoedvaldomagalhaes.com.br\/index.php\/wp-json\/wp\/v2\/categories?post=587"},{"taxonomy":"post_tag","embeddable":true,"href":"https:\/\/blogdoedvaldomagalhaes.com.br\/index.php\/wp-json\/wp\/v2\/tags?post=587"}],"curies":[{"name":"wp","href":"https:\/\/api.w.org\/{rel}","templated":true}]}}