{"id":5860,"date":"2017-05-27T00:05:00","date_gmt":"2017-05-27T03:05:00","guid":{"rendered":"http:\/\/blogdoedvaldomagalhaes.com.br\/index.php\/2017\/05\/27\/bazar-solidario-no-bairro-santa-rosa\/"},"modified":"2019-02-09T01:28:26","modified_gmt":"2019-02-09T03:28:26","slug":"bazar-solidario-no-bairro-santa-rosa","status":"publish","type":"post","link":"https:\/\/blogdoedvaldomagalhaes.com.br\/index.php\/2017\/05\/27\/bazar-solidario-no-bairro-santa-rosa\/","title":{"rendered":"Bazar Solid\u00e1rio no bairro Santa Rosa neste s\u00e1bado (27)"},"content":{"rendered":"<div class=\"separator\" style=\"clear: both; text-align: center;\">\n<a href=\"https:\/\/2.bp.blogspot.com\/-W5j46E11LZE\/WSjCcJFZ6aI\/AAAAAAAAWS8\/1-PZkihUId8q8eqO4c6ESZTeeMK6Q_-swCLcB\/s1600\/cnetro.jpg\" imageanchor=\"1\" style=\"margin-left: 1em; margin-right: 1em;\"><img loading=\"lazy\" decoding=\"async\" border=\"0\" data-original-height=\"540\" data-original-width=\"960\" height=\"225\" src=\"http:\/\/blogdoedvaldomagalhaes.com.br\/wp-content\/uploads\/2017\/05\/cnetro-1.jpg\" width=\"400\" \/><\/a><\/div>\n<div class=\"MsoNormal\" style=\"text-align: justify;\">\n<\/div>\n<div class=\"MsoNormal\" style=\"text-align: justify;\">\nSer\u00e1 realizado, neste s\u00e1bado<br \/>\n(27), mais uma edi\u00e7\u00e3o do bazar solid\u00e1rio do Centro de Servi\u00e7o \u00e0 Vida, em<br \/>\nCaruaru. O evento ocorre das 8h \u00e0s 12h, na Rua Jos\u00e9 Manoel da Silveira, 182, no<br \/>\nbairro Santa Rosa (pr\u00f3ximo as tr\u00eas antenas).<\/div>\n<div class=\"MsoNormal\" style=\"text-align: justify;\">\n<\/div>\n<div class=\"MsoNormal\" style=\"text-align: justify;\">\nO bazar vai comercializar<br \/>\nroupas, cal\u00e7ados, brinquedos e utens\u00edlios de casa. Toda a renda ser\u00e1 revertida<br \/>\npara a manuten\u00e7\u00e3o e apoio da sede do Centro de Servi\u00e7o \u00e0 Vida, que \u00e9 uma entidade<br \/>\nsem fins lucrativos, que surgiu em 2001, atrav\u00e9s de volunt\u00e1rios movidos pelo<br \/>\ndesejo de solidariedade.<\/div>\n<div class=\"MsoNormal\" style=\"text-align: justify;\">\n<\/div>\n<p><\/p>\n<div class=\"MsoNormal\" style=\"text-align: justify;\">\nO Centro de Servi\u00e7o \u00e0 vida<br \/>\nrealiza um trabalho de assist\u00eancia social \u00e0s fam\u00edlias das comunidades Vila<br \/>\nBonan\u00e7a, Alto Santa Rosa e Vila Teimosa, em Caruaru. O Projeto engloba a Escola<br \/>\nViver, reuni\u00f5es de evangeliza\u00e7\u00e3o e informa\u00e7\u00e3o \u00e0s fam\u00edlias da comunidade, al\u00e9m<br \/>\nde a\u00e7\u00f5es culturais e art\u00edsticas. Outras informa\u00e7\u00f5es atrav\u00e9s do site:<br \/>\nwww.csv.org.br.<\/p>\n<div class=\"separator\" style=\"clear: both; text-align: center;\">\n<a href=\"http:\/\/blogdoedvaldomagalhaes.com.br\/wp-content\/uploads\/2017\/05\/4-C393tica-22.jpg\" imageanchor=\"1\" style=\"clear: left; float: left; margin-bottom: 1em; margin-right: 1em;\"><img decoding=\"async\" border=\"0\" data-original-height=\"100\" data-original-width=\"570\" src=\"http:\/\/blogdoedvaldomagalhaes.com.br\/wp-content\/uploads\/2017\/05\/4-C393tica-22.jpg\" \/><\/a><\/div>\n<p><\/div>\n<div class=\"MsoNormal\" style=\"text-align: justify;\">\n<\/div>\n","protected":false},"excerpt":{"rendered":"<p>Ser\u00e1 realizado, neste s\u00e1bado (27), mais uma edi\u00e7\u00e3o do bazar solid\u00e1rio do Centro de Servi\u00e7o \u00e0 Vida, em Caruaru. O&hellip;<\/p>\n","protected":false},"author":1,"featured_media":0,"comment_status":"open","ping_status":"open","sticky":false,"template":"","format":"standard","meta":{"footnotes":""},"categories":[1],"tags":[7871,2,6],"class_list":["post-5860","post","type-post","status-publish","format-standard","hentry","category-sem-categoria","tag-bazar-solidario-no-bairro-santa-rosa-neste-sabado-27","tag-blog-do-edvaldo-magalhaes","tag-noticias"],"_links":{"self":[{"href":"https:\/\/blogdoedvaldomagalhaes.com.br\/index.php\/wp-json\/wp\/v2\/posts\/5860","targetHints":{"allow":["GET"]}}],"collection":[{"href":"https:\/\/blogdoedvaldomagalhaes.com.br\/index.php\/wp-json\/wp\/v2\/posts"}],"about":[{"href":"https:\/\/blogdoedvaldomagalhaes.com.br\/index.php\/wp-json\/wp\/v2\/types\/post"}],"author":[{"embeddable":true,"href":"https:\/\/blogdoedvaldomagalhaes.com.br\/index.php\/wp-json\/wp\/v2\/users\/1"}],"replies":[{"embeddable":true,"href":"https:\/\/blogdoedvaldomagalhaes.com.br\/index.php\/wp-json\/wp\/v2\/comments?post=5860"}],"version-history":[{"count":1,"href":"https:\/\/blogdoedvaldomagalhaes.com.br\/index.php\/wp-json\/wp\/v2\/posts\/5860\/revisions"}],"predecessor-version":[{"id":20150,"href":"https:\/\/blogdoedvaldomagalhaes.com.br\/index.php\/wp-json\/wp\/v2\/posts\/5860\/revisions\/20150"}],"wp:attachment":[{"href":"https:\/\/blogdoedvaldomagalhaes.com.br\/index.php\/wp-json\/wp\/v2\/media?parent=5860"}],"wp:term":[{"taxonomy":"category","embeddable":true,"href":"https:\/\/blogdoedvaldomagalhaes.com.br\/index.php\/wp-json\/wp\/v2\/categories?post=5860"},{"taxonomy":"post_tag","embeddable":true,"href":"https:\/\/blogdoedvaldomagalhaes.com.br\/index.php\/wp-json\/wp\/v2\/tags?post=5860"}],"curies":[{"name":"wp","href":"https:\/\/api.w.org\/{rel}","templated":true}]}}