{"id":586,"date":"2018-11-28T18:51:00","date_gmt":"2018-11-28T20:51:00","guid":{"rendered":"http:\/\/blogdoedvaldomagalhaes.com.br\/index.php\/2018\/11\/28\/mais-de-30-adolescentes-da-funase-e\/"},"modified":"2019-02-09T02:43:25","modified_gmt":"2019-02-09T04:43:25","slug":"mais-de-30-adolescentes-da-funase-e","status":"publish","type":"post","link":"https:\/\/blogdoedvaldomagalhaes.com.br\/index.php\/2018\/11\/28\/mais-de-30-adolescentes-da-funase-e\/","title":{"rendered":"Mais de 30 adolescentes da Funase em Caruaru concluem oficinas profissionalizantes"},"content":{"rendered":"<div class=\"separator\" style=\"clear: both; text-align: center;\">\n<a href=\"https:\/\/1.bp.blogspot.com\/-h0owNUqvNqs\/W_7jnjhBvtI\/AAAAAAAA-js\/8pHGriZ3PlsZTfG5LFfp6S23wakzG6yhgCLcBGAs\/s1600\/fuhnase.jpeg\" imageanchor=\"1\" style=\"margin-left: 1em; margin-right: 1em;\"><img loading=\"lazy\" decoding=\"async\" border=\"0\" data-original-height=\"506\" data-original-width=\"900\" height=\"354\" src=\"http:\/\/blogdoedvaldomagalhaes.com.br\/wp-content\/uploads\/2018\/11\/fuhnase.jpeg\" width=\"640\" \/><\/a><\/div>\n<p><\/p>\n<div style=\"text-align: justify;\">\nA Caravana Juventude em Movimento chegou ao fim nesta semana no Centro de Atendimento Socioeducativo (Case) Caruaru, administrado pela Funda\u00e7\u00e3o de Atendimento Socioeducativo (Funase). Ao todo, 32 adolescentes e jovens receberam certificados do Centro de Integra\u00e7\u00e3o Empresa Escola (CIEE) por participa\u00e7\u00e3o em quatro atividades. A jornada fez parte de uma s\u00e9rie de esfor\u00e7os da Funase para intensificar as a\u00e7\u00f5es de qualifica\u00e7\u00e3o profissional para os socioeducandos atendidos naquela e em outras unidades.<\/div>\n<div style=\"text-align: justify;\">\n<\/div>\n<div style=\"text-align: justify;\">\nEm Caruaru, a caravana ocorreu ao longo de tr\u00eas dias, sempre semanalmente. Foram ofertadas tr\u00eas oficinas: Introdu\u00e7\u00e3o \u00e0 Eletr\u00f4nica B\u00e1sica, com 15 horas, aulas ministradas pelo instrutor Higino Filho e 11 alunos certificados; Introdu\u00e7\u00e3o ao Reparo de Computadores, ministrada pela instrutora Beatriz Delmiro, com carga hor\u00e1ria de 14 horas e dez socioeducandos certificados; e Introdu\u00e7\u00e3o \u00e0 Inform\u00e1tica B\u00e1sica, com total de 18 horas\/aula, sob a responsabilidade do instrutor Elaxis Neto e com quatro jovens certificados.<\/div>\n<div style=\"text-align: justify;\">\n<\/div>\n<div style=\"text-align: justify;\">\nO evento ainda contou com o ciclo de palestras \u201cPr\u00e9-qualifica\u00e7\u00e3o para o Mercado de Trabalho\u201d, conduzidas por volunt\u00e1rios do CIEE.&nbsp; Foram trabalhadas tem\u00e1ticas como \u201cMarketing Pessoal\u201d, \u201cEntrevista: Como Encar\u00e1-la\u201d e \u201cCurr\u00edculo sem Segredo\u201d. Sete socioeducandos receberam certificados por participa\u00e7\u00e3o nas atividades, realizadas no espa\u00e7o ecum\u00eanico do Case Caruaru.<\/div>\n<div style=\"text-align: justify;\">\n<\/div>\n<div style=\"text-align: justify;\">\nPara o coordenador do Eixo Profissionaliza\u00e7\u00e3o, Esporte, Cultura e Lazer da Funase, Normando Albuquerque, o saldo da realiza\u00e7\u00e3o da Caravana Juventude em Movimento em Caruaru foi positivo. \u201cCada unidade tem as suas especificidades. A caravana procura se adequar aos diferentes contextos. N\u00e3o existe uma f\u00f3rmula pronta. Vamos nos reinventando conforme a experi\u00eancia se acumula. Mas temos um prop\u00f3sito: movimentar e envolver. E isso tem sido feito com certo \u00eaxito. Ver, ouvir, tocar, estar junto dos socioeducandos de forma cada vez mais intensa \u00e9 a principal ferramenta para o nosso trabalho. S\u00e3o eles que orientam nossos passos\u201d, avaliou.<\/div>\n<div style=\"text-align: justify;\">\n<\/div>\n<div style=\"text-align: justify;\">\nA caravana tamb\u00e9m j\u00e1 aconteceu no Case Timba\u00faba, no Case\/Cenip Garanhuns e no Case Jaboat\u00e3o dos Guararapes. Antes de receber a jornada de atividades, o Case Caruaru chegou a ser contemplado, em outubro, com um evento preparat\u00f3rio na \u00e1rea de qualifica\u00e7\u00e3o profissional, que ocorreu ao longo de tr\u00eas dias consecutivos e beneficiou 30 socioeducandos. As a\u00e7\u00f5es tamb\u00e9m foram desenvolvidas pelo Eixo Profissionaliza\u00e7\u00e3o, Esporte, Cultura e Lazer da Funase, tendo o CIEE como parceiro certificador dos cursos.<\/div>\n<div style=\"text-align: justify;\">\n<\/div>\n","protected":false},"excerpt":{"rendered":"<p>A Caravana Juventude em Movimento chegou ao fim nesta semana no Centro de Atendimento Socioeducativo (Case) Caruaru, administrado pela Funda\u00e7\u00e3o&hellip;<\/p>\n","protected":false},"author":1,"featured_media":0,"comment_status":"open","ping_status":"open","sticky":false,"template":"","format":"standard","meta":{"footnotes":""},"categories":[1],"tags":[2,506,6],"class_list":["post-586","post","type-post","status-publish","format-standard","hentry","category-sem-categoria","tag-blog-do-edvaldo-magalhaes","tag-mais-de-30-adolescentes-da-funase-em-caruaru-concluem-oficinas-profissionalizantes","tag-noticias"],"_links":{"self":[{"href":"https:\/\/blogdoedvaldomagalhaes.com.br\/index.php\/wp-json\/wp\/v2\/posts\/586","targetHints":{"allow":["GET"]}}],"collection":[{"href":"https:\/\/blogdoedvaldomagalhaes.com.br\/index.php\/wp-json\/wp\/v2\/posts"}],"about":[{"href":"https:\/\/blogdoedvaldomagalhaes.com.br\/index.php\/wp-json\/wp\/v2\/types\/post"}],"author":[{"embeddable":true,"href":"https:\/\/blogdoedvaldomagalhaes.com.br\/index.php\/wp-json\/wp\/v2\/users\/1"}],"replies":[{"embeddable":true,"href":"https:\/\/blogdoedvaldomagalhaes.com.br\/index.php\/wp-json\/wp\/v2\/comments?post=586"}],"version-history":[{"count":1,"href":"https:\/\/blogdoedvaldomagalhaes.com.br\/index.php\/wp-json\/wp\/v2\/posts\/586\/revisions"}],"predecessor-version":[{"id":36261,"href":"https:\/\/blogdoedvaldomagalhaes.com.br\/index.php\/wp-json\/wp\/v2\/posts\/586\/revisions\/36261"}],"wp:attachment":[{"href":"https:\/\/blogdoedvaldomagalhaes.com.br\/index.php\/wp-json\/wp\/v2\/media?parent=586"}],"wp:term":[{"taxonomy":"category","embeddable":true,"href":"https:\/\/blogdoedvaldomagalhaes.com.br\/index.php\/wp-json\/wp\/v2\/categories?post=586"},{"taxonomy":"post_tag","embeddable":true,"href":"https:\/\/blogdoedvaldomagalhaes.com.br\/index.php\/wp-json\/wp\/v2\/tags?post=586"}],"curies":[{"name":"wp","href":"https:\/\/api.w.org\/{rel}","templated":true}]}}