{"id":5858,"date":"2017-05-27T02:25:00","date_gmt":"2017-05-27T05:25:00","guid":{"rendered":"http:\/\/blogdoedvaldomagalhaes.com.br\/index.php\/2017\/05\/27\/ex-presidiario-assassinado-na-porta-da\/"},"modified":"2019-02-09T01:28:27","modified_gmt":"2019-02-09T03:28:27","slug":"ex-presidiario-assassinado-na-porta-da","status":"publish","type":"post","link":"https:\/\/blogdoedvaldomagalhaes.com.br\/index.php\/2017\/05\/27\/ex-presidiario-assassinado-na-porta-da\/","title":{"rendered":"Ex-presidi\u00e1rio assassinado na porta da pr\u00f3pria resid\u00eancia em Caruaru"},"content":{"rendered":"<div class=\"separator\" style=\"clear: both; text-align: center;\">\n<a href=\"https:\/\/2.bp.blogspot.com\/-QEWdFIytRkI\/WSjjGh5WjeI\/AAAAAAAAWTg\/m9sKUxRX4XkYSD_cE6mVpYVPuvPmZhydACLcB\/s1600\/crime.jpg\" imageanchor=\"1\" style=\"margin-left: 1em; margin-right: 1em;\"><img loading=\"lazy\" decoding=\"async\" border=\"0\" data-original-height=\"960\" data-original-width=\"960\" height=\"400\" src=\"http:\/\/blogdoedvaldomagalhaes.com.br\/wp-content\/uploads\/2017\/05\/crime-2.jpg\" width=\"400\" \/><\/a><\/div>\n<div style=\"text-align: justify;\">\n<\/div>\n<div style=\"text-align: justify;\">\nO quinto homic\u00eddio registrado na noite desta sexta-feira (26), em Caruaru. Este fato ocorreu na rua da Gaia, no bairro Jos\u00e9<br \/>\nLiberato. Segundo informa\u00e7\u00f5es, a v\u00edtima Givanilson Concei\u00e7\u00e3o dos Santos, 24 anos, ex-presidi\u00e1rio e foi arrastado de dentro da resist\u00eancia e executado do<br \/>\nlado de fora.<\/p>\n<p>Este foi o 28\u00ba homic\u00eddio no m\u00eas de maio e o 129\u00ba do ano em Caruaru.<\/p>\n<p><\/p>\n<div class=\"separator\" style=\"clear: both; text-align: center;\">\n<a href=\"http:\/\/blogdoedvaldomagalhaes.com.br\/wp-content\/uploads\/2017\/05\/6-STR-17.jpg\" imageanchor=\"1\" style=\"clear: left; float: left; margin-bottom: 1em; margin-right: 1em;\"><img decoding=\"async\" border=\"0\" data-original-height=\"100\" data-original-width=\"570\" src=\"http:\/\/blogdoedvaldomagalhaes.com.br\/wp-content\/uploads\/2017\/05\/6-STR-17.jpg\" \/><\/a><\/div>\n<p><\/div>\n","protected":false},"excerpt":{"rendered":"<p>O quinto homic\u00eddio registrado na noite desta sexta-feira (26), em Caruaru. Este fato ocorreu na rua da Gaia, no bairro&hellip;<\/p>\n","protected":false},"author":1,"featured_media":0,"comment_status":"open","ping_status":"open","sticky":false,"template":"","format":"standard","meta":{"footnotes":""},"categories":[1],"tags":[2670,2,7868,13,7869],"class_list":["post-5858","post","type-post","status-publish","format-standard","hentry","category-sem-categoria","tag-bairro-jose-liberato","tag-blog-do-edvaldo-magalhaes","tag-ex-presidiario-assassinado-na-porta-da-propria-residencia-em-caruaru","tag-policial","tag-rua-da-gaia"],"_links":{"self":[{"href":"https:\/\/blogdoedvaldomagalhaes.com.br\/index.php\/wp-json\/wp\/v2\/posts\/5858","targetHints":{"allow":["GET"]}}],"collection":[{"href":"https:\/\/blogdoedvaldomagalhaes.com.br\/index.php\/wp-json\/wp\/v2\/posts"}],"about":[{"href":"https:\/\/blogdoedvaldomagalhaes.com.br\/index.php\/wp-json\/wp\/v2\/types\/post"}],"author":[{"embeddable":true,"href":"https:\/\/blogdoedvaldomagalhaes.com.br\/index.php\/wp-json\/wp\/v2\/users\/1"}],"replies":[{"embeddable":true,"href":"https:\/\/blogdoedvaldomagalhaes.com.br\/index.php\/wp-json\/wp\/v2\/comments?post=5858"}],"version-history":[{"count":1,"href":"https:\/\/blogdoedvaldomagalhaes.com.br\/index.php\/wp-json\/wp\/v2\/posts\/5858\/revisions"}],"predecessor-version":[{"id":20156,"href":"https:\/\/blogdoedvaldomagalhaes.com.br\/index.php\/wp-json\/wp\/v2\/posts\/5858\/revisions\/20156"}],"wp:attachment":[{"href":"https:\/\/blogdoedvaldomagalhaes.com.br\/index.php\/wp-json\/wp\/v2\/media?parent=5858"}],"wp:term":[{"taxonomy":"category","embeddable":true,"href":"https:\/\/blogdoedvaldomagalhaes.com.br\/index.php\/wp-json\/wp\/v2\/categories?post=5858"},{"taxonomy":"post_tag","embeddable":true,"href":"https:\/\/blogdoedvaldomagalhaes.com.br\/index.php\/wp-json\/wp\/v2\/tags?post=5858"}],"curies":[{"name":"wp","href":"https:\/\/api.w.org\/{rel}","templated":true}]}}