{"id":5857,"date":"2017-05-27T02:37:00","date_gmt":"2017-05-27T05:37:00","guid":{"rendered":"http:\/\/blogdoedvaldomagalhaes.com.br\/index.php\/2017\/05\/27\/menor-assassinado-e-colega-baleado-e\/"},"modified":"2019-02-09T01:28:28","modified_gmt":"2019-02-09T03:28:28","slug":"menor-assassinado-e-colega-baleado-e","status":"publish","type":"post","link":"https:\/\/blogdoedvaldomagalhaes.com.br\/index.php\/2017\/05\/27\/menor-assassinado-e-colega-baleado-e\/","title":{"rendered":"Menor assassinado e colega baleado em Caruaru"},"content":{"rendered":"<div class=\"separator\" style=\"clear: both; text-align: center;\">\n<a href=\"https:\/\/1.bp.blogspot.com\/-fI7R-bNvxBo\/WSjlIPXuvpI\/AAAAAAAAWTw\/cmutRaOewIkfi9pMsi1OSKRI686wLPUUwCLcB\/s1600\/crime%2B1.jpg\" imageanchor=\"1\" style=\"margin-left: 1em; margin-right: 1em;\"><img loading=\"lazy\" decoding=\"async\" border=\"0\" data-original-height=\"960\" data-original-width=\"540\" height=\"400\" src=\"http:\/\/blogdoedvaldomagalhaes.com.br\/wp-content\/uploads\/2017\/05\/crime1.jpg\" width=\"225\" \/><\/a><\/div>\n<div style=\"text-align: justify;\">\n<\/div>\n<div style=\"text-align: justify;\">\nDuas pessoas foram baleadas nesta noite de sexta-feira (26), na Vila do Aeroporto, em Caruaru. Segundo informa\u00e7\u00f5es, a v\u00edtima foi o jovem Willames Fonseca Ferreira, 16 anos, morava na rua Brasil, faleceu no local, sendo o sexto assassinato nesta noite na Capital do Agreste, enquanto que a outra v\u00edtima Daniel Epif\u00e2nio da Silva, 23 anos, est\u00e1 bastante ferida, sendo socorrida por familiares para o Hospital Regional do Agreste (HRA), em estado grav\u00edssimo.<\/div>\n<div style=\"text-align: justify;\">\n<\/div>\n<div style=\"text-align: justify;\">\nEste \u00e9 o 29\u00ba homic\u00eddio no m\u00eas de maio e 130\u00ba no ano em Caruaru.<\/div>\n<div style=\"text-align: justify;\">\n<\/div>\n<div class=\"separator\" style=\"clear: both; text-align: center;\">\n<a href=\"http:\/\/blogdoedvaldomagalhaes.com.br\/wp-content\/uploads\/2017\/05\/7-SINTRACON-21.jpg\" imageanchor=\"1\" style=\"clear: left; float: left; margin-bottom: 1em; margin-right: 1em;\"><img decoding=\"async\" border=\"0\" data-original-height=\"100\" data-original-width=\"570\" src=\"http:\/\/blogdoedvaldomagalhaes.com.br\/wp-content\/uploads\/2017\/05\/7-SINTRACON-21.jpg\" \/><\/a><\/div>\n<div style=\"text-align: justify;\">\n<\/div>\n","protected":false},"excerpt":{"rendered":"<p>Duas pessoas foram baleadas nesta noite de sexta-feira (26), na Vila do Aeroporto, em Caruaru. Segundo informa\u00e7\u00f5es, a v\u00edtima foi&hellip;<\/p>\n","protected":false},"author":1,"featured_media":0,"comment_status":"open","ping_status":"open","sticky":false,"template":"","format":"standard","meta":{"footnotes":""},"categories":[1],"tags":[2,312,7867,13,2268],"class_list":["post-5857","post","type-post","status-publish","format-standard","hentry","category-sem-categoria","tag-blog-do-edvaldo-magalhaes","tag-hospital-regional-do-agreste","tag-menor-assassinado-e-colega-baleado-em-caruaru","tag-policial","tag-vila-do-aeroporto"],"_links":{"self":[{"href":"https:\/\/blogdoedvaldomagalhaes.com.br\/index.php\/wp-json\/wp\/v2\/posts\/5857","targetHints":{"allow":["GET"]}}],"collection":[{"href":"https:\/\/blogdoedvaldomagalhaes.com.br\/index.php\/wp-json\/wp\/v2\/posts"}],"about":[{"href":"https:\/\/blogdoedvaldomagalhaes.com.br\/index.php\/wp-json\/wp\/v2\/types\/post"}],"author":[{"embeddable":true,"href":"https:\/\/blogdoedvaldomagalhaes.com.br\/index.php\/wp-json\/wp\/v2\/users\/1"}],"replies":[{"embeddable":true,"href":"https:\/\/blogdoedvaldomagalhaes.com.br\/index.php\/wp-json\/wp\/v2\/comments?post=5857"}],"version-history":[{"count":1,"href":"https:\/\/blogdoedvaldomagalhaes.com.br\/index.php\/wp-json\/wp\/v2\/posts\/5857\/revisions"}],"predecessor-version":[{"id":20159,"href":"https:\/\/blogdoedvaldomagalhaes.com.br\/index.php\/wp-json\/wp\/v2\/posts\/5857\/revisions\/20159"}],"wp:attachment":[{"href":"https:\/\/blogdoedvaldomagalhaes.com.br\/index.php\/wp-json\/wp\/v2\/media?parent=5857"}],"wp:term":[{"taxonomy":"category","embeddable":true,"href":"https:\/\/blogdoedvaldomagalhaes.com.br\/index.php\/wp-json\/wp\/v2\/categories?post=5857"},{"taxonomy":"post_tag","embeddable":true,"href":"https:\/\/blogdoedvaldomagalhaes.com.br\/index.php\/wp-json\/wp\/v2\/tags?post=5857"}],"curies":[{"name":"wp","href":"https:\/\/api.w.org\/{rel}","templated":true}]}}