{"id":5856,"date":"2017-05-27T03:31:00","date_gmt":"2017-05-27T06:31:00","guid":{"rendered":"http:\/\/blogdoedvaldomagalhaes.com.br\/index.php\/2017\/05\/27\/7-vitima-de-homicidio-da-noite-e\/"},"modified":"2019-02-09T01:28:30","modified_gmt":"2019-02-09T03:28:30","slug":"7-vitima-de-homicidio-da-noite-e","status":"publish","type":"post","link":"https:\/\/blogdoedvaldomagalhaes.com.br\/index.php\/2017\/05\/27\/7-vitima-de-homicidio-da-noite-e\/","title":{"rendered":"7\u00aa v\u00edtima de homic\u00eddio da noite em Caruaru morre na UPA"},"content":{"rendered":"<div class=\"separator\" style=\"clear: both; text-align: center;\">\n<\/div>\n<div class=\"separator\" style=\"clear: both; text-align: center;\">\n<a href=\"https:\/\/1.bp.blogspot.com\/-QTB0qW4Rj-o\/WSjy7FGBEuI\/AAAAAAAAWUU\/6uAOKpRXrfsDhXu-VG5F8uk-EC1_Q5b6ACLcB\/s1600\/crfime%255B.jpg\" imageanchor=\"1\" style=\"margin-left: 1em; margin-right: 1em;\"><img loading=\"lazy\" decoding=\"async\" border=\"0\" data-original-height=\"121\" data-original-width=\"206\" height=\"236\" src=\"http:\/\/blogdoedvaldomagalhaes.com.br\/wp-content\/uploads\/2017\/05\/crfime5B.jpg\" width=\"400\" \/><\/a><\/div>\n<div style=\"text-align: justify;\">\nA s\u00e9tima v\u00edtima de homic\u00eddio na noite dessa sexta-feira (26), morreu na Upa da Boa Vista, em Caruaru, Leonardo Jos\u00e9 Pereira, 22 anos, que residia na rua Ana Maria da Concei\u00e7\u00e3o, no bairro Maria Auxiliadora, que j\u00e1 teve passagem pela Funase, quando era de menor idade. Segundo informa\u00e7\u00f5es de familiares, foram disparados cerca de 10 tiros contra a v\u00edtima, atingindo a cabe\u00e7a, o t\u00f3rax.<\/div>\n<div style=\"text-align: justify;\">\nEste \u00e9 o 30\u00ba homic\u00eddio no m\u00eas de maio e o 131\u00ba do ano em Caruaru.<\/div>\n<p><\/p>\n<div class=\"separator\" style=\"clear: both; text-align: center;\">\n<a href=\"http:\/\/blogdoedvaldomagalhaes.com.br\/wp-content\/uploads\/2017\/05\/9-Liberdade-21.jpg\" imageanchor=\"1\" style=\"clear: left; float: left; margin-bottom: 1em; margin-right: 1em;\"><img decoding=\"async\" border=\"0\" data-original-height=\"100\" data-original-width=\"570\" src=\"http:\/\/blogdoedvaldomagalhaes.com.br\/wp-content\/uploads\/2017\/05\/9-Liberdade-21.jpg\" \/><\/a><\/div>\n<p><\/p>\n","protected":false},"excerpt":{"rendered":"<p>A s\u00e9tima v\u00edtima de homic\u00eddio na noite dessa sexta-feira (26), morreu na Upa da Boa Vista, em Caruaru, Leonardo Jos\u00e9&hellip;<\/p>\n","protected":false},"author":1,"featured_media":0,"comment_status":"open","ping_status":"open","sticky":false,"template":"","format":"standard","meta":{"footnotes":""},"categories":[1],"tags":[7866,2,13],"class_list":["post-5856","post","type-post","status-publish","format-standard","hentry","category-sem-categoria","tag-7a-vitima-de-homicidio-da-noite-em-caruaru-morre-na-upa","tag-blog-do-edvaldo-magalhaes","tag-policial"],"_links":{"self":[{"href":"https:\/\/blogdoedvaldomagalhaes.com.br\/index.php\/wp-json\/wp\/v2\/posts\/5856","targetHints":{"allow":["GET"]}}],"collection":[{"href":"https:\/\/blogdoedvaldomagalhaes.com.br\/index.php\/wp-json\/wp\/v2\/posts"}],"about":[{"href":"https:\/\/blogdoedvaldomagalhaes.com.br\/index.php\/wp-json\/wp\/v2\/types\/post"}],"author":[{"embeddable":true,"href":"https:\/\/blogdoedvaldomagalhaes.com.br\/index.php\/wp-json\/wp\/v2\/users\/1"}],"replies":[{"embeddable":true,"href":"https:\/\/blogdoedvaldomagalhaes.com.br\/index.php\/wp-json\/wp\/v2\/comments?post=5856"}],"version-history":[{"count":1,"href":"https:\/\/blogdoedvaldomagalhaes.com.br\/index.php\/wp-json\/wp\/v2\/posts\/5856\/revisions"}],"predecessor-version":[{"id":20162,"href":"https:\/\/blogdoedvaldomagalhaes.com.br\/index.php\/wp-json\/wp\/v2\/posts\/5856\/revisions\/20162"}],"wp:attachment":[{"href":"https:\/\/blogdoedvaldomagalhaes.com.br\/index.php\/wp-json\/wp\/v2\/media?parent=5856"}],"wp:term":[{"taxonomy":"category","embeddable":true,"href":"https:\/\/blogdoedvaldomagalhaes.com.br\/index.php\/wp-json\/wp\/v2\/categories?post=5856"},{"taxonomy":"post_tag","embeddable":true,"href":"https:\/\/blogdoedvaldomagalhaes.com.br\/index.php\/wp-json\/wp\/v2\/tags?post=5856"}],"curies":[{"name":"wp","href":"https:\/\/api.w.org\/{rel}","templated":true}]}}