{"id":585,"date":"2018-11-28T19:07:00","date_gmt":"2018-11-28T21:07:00","guid":{"rendered":"http:\/\/blogdoedvaldomagalhaes.com.br\/index.php\/2018\/11\/28\/com-estiagem-barragens-que-abastece\/"},"modified":"2019-02-09T02:43:26","modified_gmt":"2019-02-09T04:43:26","slug":"com-estiagem-barragens-que-abastece","status":"publish","type":"post","link":"https:\/\/blogdoedvaldomagalhaes.com.br\/index.php\/2018\/11\/28\/com-estiagem-barragens-que-abastece\/","title":{"rendered":"Com a estiagem, barragens que abastecem Caruaru reduzem ac\u00famulo de \u00e1gua"},"content":{"rendered":"<div class=\"separator\" style=\"clear: both; text-align: center;\">\n<a href=\"https:\/\/2.bp.blogspot.com\/-YXJzdsV9YpU\/W_7nFnX0lkI\/AAAAAAAA-j4\/KEjLXC3gx3Um4RzscJm2smzwHbYa40Q5QCLcBGAs\/s1600\/foto.jpg\" imageanchor=\"1\" style=\"margin-left: 1em; margin-right: 1em;\"><img loading=\"lazy\" decoding=\"async\" border=\"0\" data-original-height=\"261\" data-original-width=\"479\" height=\"348\" src=\"http:\/\/blogdoedvaldomagalhaes.com.br\/wp-content\/uploads\/2018\/11\/foto-5.jpg\" width=\"640\" \/><\/a><\/div>\n<div class=\"separator\" style=\"clear: both; text-align: center;\">\nFoto de arquivo do Blog do Edvaldo Magalh\u00e3es<\/div>\n<div style=\"background-color: white; box-sizing: border-box; line-height: 24px; margin-bottom: 10px; text-align: justify;\">\n<\/div>\n<div style=\"background-color: white; box-sizing: border-box; line-height: 24px; margin-bottom: 10px; text-align: justify;\">\nAs barragens que abastecem Caruaru e outras cidades do Agreste de Pernambuco est\u00e3o diminuindo o volume de \u00e1gua acumulada. Prata tem atualmente 78%, sendo 33 milh\u00f5es de metros c\u00fabicos, e Jucazinho est\u00e1 com 4%, o equivalente a 4 milh\u00f5es de metros c\u00fabicos de \u00e1gua.<\/div>\n<div style=\"background-color: white; box-sizing: border-box; line-height: 24px; margin-bottom: 10px; text-align: justify;\">\nO gerente regional da Compesa, M\u00e1rio Heitor, concedeu entrevista a reportagem da R\u00e1dio Liberdade e disse que o consumo tem aumentado neste m\u00eas de novembro, prejudicando as partes altas da cidade. A expectativa \u00e9 que os mananciais cheguem at\u00e9 o per\u00edodo chuvoso sem preju\u00edzo para a popula\u00e7\u00e3o, at\u00e9 um novo ac\u00famulo de \u00e1gua. O per\u00edodo chuvoso vai de maio at\u00e9 agosto.<\/p>\n<p>Fonte: R\u00e1dio Liberdade.<\/p><\/div>\n<div style=\"background-color: white; box-sizing: border-box; line-height: 24px; margin-bottom: 10px; text-align: justify;\">\n<\/div>\n","protected":false},"excerpt":{"rendered":"<p>Foto de arquivo do Blog do Edvaldo Magalh\u00e3es As barragens que abastecem Caruaru e outras cidades do Agreste de Pernambuco&hellip;<\/p>\n","protected":false},"author":1,"featured_media":0,"comment_status":"open","ping_status":"open","sticky":false,"template":"","format":"standard","meta":{"footnotes":""},"categories":[1],"tags":[504,2,505,6],"class_list":["post-585","post","type-post","status-publish","format-standard","hentry","category-sem-categoria","tag-barragens-que-abastecem-caruaru-reduzem-acumulo-de-agua","tag-blog-do-edvaldo-magalhaes","tag-com-a-estiagem","tag-noticias"],"_links":{"self":[{"href":"https:\/\/blogdoedvaldomagalhaes.com.br\/index.php\/wp-json\/wp\/v2\/posts\/585","targetHints":{"allow":["GET"]}}],"collection":[{"href":"https:\/\/blogdoedvaldomagalhaes.com.br\/index.php\/wp-json\/wp\/v2\/posts"}],"about":[{"href":"https:\/\/blogdoedvaldomagalhaes.com.br\/index.php\/wp-json\/wp\/v2\/types\/post"}],"author":[{"embeddable":true,"href":"https:\/\/blogdoedvaldomagalhaes.com.br\/index.php\/wp-json\/wp\/v2\/users\/1"}],"replies":[{"embeddable":true,"href":"https:\/\/blogdoedvaldomagalhaes.com.br\/index.php\/wp-json\/wp\/v2\/comments?post=585"}],"version-history":[{"count":1,"href":"https:\/\/blogdoedvaldomagalhaes.com.br\/index.php\/wp-json\/wp\/v2\/posts\/585\/revisions"}],"predecessor-version":[{"id":36263,"href":"https:\/\/blogdoedvaldomagalhaes.com.br\/index.php\/wp-json\/wp\/v2\/posts\/585\/revisions\/36263"}],"wp:attachment":[{"href":"https:\/\/blogdoedvaldomagalhaes.com.br\/index.php\/wp-json\/wp\/v2\/media?parent=585"}],"wp:term":[{"taxonomy":"category","embeddable":true,"href":"https:\/\/blogdoedvaldomagalhaes.com.br\/index.php\/wp-json\/wp\/v2\/categories?post=585"},{"taxonomy":"post_tag","embeddable":true,"href":"https:\/\/blogdoedvaldomagalhaes.com.br\/index.php\/wp-json\/wp\/v2\/tags?post=585"}],"curies":[{"name":"wp","href":"https:\/\/api.w.org\/{rel}","templated":true}]}}