{"id":5745,"date":"2017-06-07T11:00:00","date_gmt":"2017-06-07T14:00:00","guid":{"rendered":"http:\/\/blogdoedvaldomagalhaes.com.br\/index.php\/2017\/06\/07\/forro-da-macambira-e-forro-da-onda-nao\/"},"modified":"2019-02-09T01:30:01","modified_gmt":"2019-02-09T03:30:01","slug":"forro-da-macambira-e-forro-da-onda-nao","status":"publish","type":"post","link":"https:\/\/blogdoedvaldomagalhaes.com.br\/index.php\/2017\/06\/07\/forro-da-macambira-e-forro-da-onda-nao\/","title":{"rendered":"&#8220;Forr\u00f3 da Macambira\u201d e \u201cForr\u00f3 da Onda\u201d n\u00e3o ser\u00e3o realizados neste ano"},"content":{"rendered":"<div class=\"separator\" style=\"clear: both; text-align: center;\">\n<a href=\"https:\/\/3.bp.blogspot.com\/-5TnioLJV49w\/WTdx1N0k9hI\/AAAAAAAAW6w\/t2qO5mqrs-weKcwEfJjVUqPDMauzckmhQCLcB\/s1600\/tony.jpg\" imageanchor=\"1\" style=\"margin-left: 1em; margin-right: 1em;\"><img loading=\"lazy\" decoding=\"async\" border=\"0\" data-original-height=\"403\" data-original-width=\"420\" height=\"381\" src=\"http:\/\/blogdoedvaldomagalhaes.com.br\/wp-content\/uploads\/2017\/06\/tony-1.jpg\" width=\"400\" \/><\/a><\/div>\n<div style=\"text-align: justify;\">\n<\/div>\n<div style=\"text-align: justify;\">\nA n\u00e3o realiza\u00e7\u00e3o do &#8220;Forr\u00f3 Da Macambira&#8221; foi confirmada em nota pelo ex-governador Jo\u00e3o Lyra Neto (PSDB). Ele&nbsp;informou que devido as consequ\u00eancias das fortes chuvas dos \u00faltimos dias, n\u00e3o existe clima para comemora\u00e7\u00f5es. \u201cEm 2010, cancelei o Forr\u00f3 do Macambira em solidariedade aos desabrigados pelas enchentes na Mata Sul. Este ano, s\u00e3o desabrigados no Agreste e Mata Sul. Eu e Raquel n\u00e3o faremos tamb\u00e9m esse ano pelas raz\u00f5es acima\u201d, disse. A festa que possui mais de 30 anos \u00e9 conhecida por reunir o maior n\u00famero de pol\u00edticos no interior durante junho.<\/p>\n<\/div>\n<div style=\"text-align: justify;\">\n<div class=\"separator\" style=\"clear: both; text-align: center;\">\n<a href=\"https:\/\/3.bp.blogspot.com\/-7YjNfKbABIY\/WTd0_kb40UI\/AAAAAAAAW60\/pviNZ0OHDcQr2ykKflmUg2wmq77-9ki8wCLcB\/s1600\/forro.jpg\" imageanchor=\"1\" style=\"margin-left: 1em; margin-right: 1em;\"><img loading=\"lazy\" decoding=\"async\" border=\"0\" data-original-height=\"424\" data-original-width=\"640\" height=\"265\" src=\"http:\/\/blogdoedvaldomagalhaes.com.br\/wp-content\/uploads\/2017\/06\/forro.jpg\" width=\"400\" \/><\/a><\/div>\n<p><\/div>\n<div style=\"text-align: justify;\">\nO casal Tony Gel (deputado estadual estadual) e a esposa Miriam Lacerda tamb\u00e9m n\u00e3o ir\u00e3o realizar o Forr\u00f3 da Onda em Caruaru. O evento acontecia anualmente durante os festejos juninos, e n\u00e3o vai acontecer em solidariedade as pessoas que perderam tudo durante as fortes chuvas na regi\u00e3o. O casal recebia amigos, militantes e pol\u00edticos da regi\u00e3o.<\/p>\n<p><\/p>\n<div class=\"separator\" style=\"clear: both; text-align: center;\">\n<a href=\"https:\/\/3.bp.blogspot.com\/-FPAljH3F1Ms\/WTd1d-gYIQI\/AAAAAAAAW64\/8LzmspokBuowGbP3UtRsj3yV7UsNdGAqACLcB\/s1600\/onda.jpg\" imageanchor=\"1\" style=\"margin-left: 1em; margin-right: 1em;\"><img loading=\"lazy\" decoding=\"async\" border=\"0\" data-original-height=\"768\" data-original-width=\"1024\" height=\"296\" src=\"http:\/\/blogdoedvaldomagalhaes.com.br\/wp-content\/uploads\/2017\/06\/onda.jpg\" width=\"400\" \/><\/a><\/div>\n<div class=\"separator\" style=\"clear: both; text-align: center;\">\n<a href=\"http:\/\/blogdoedvaldomagalhaes.com.br\/wp-content\/uploads\/2017\/06\/6-STR-6.jpg\" imageanchor=\"1\" style=\"clear: left; float: left; margin-bottom: 1em; margin-right: 1em;\"><img decoding=\"async\" border=\"0\" data-original-height=\"100\" data-original-width=\"570\" src=\"http:\/\/blogdoedvaldomagalhaes.com.br\/wp-content\/uploads\/2017\/06\/6-STR-6.jpg\" \/><\/a><\/div>\n<\/div>\n","protected":false},"excerpt":{"rendered":"<p>A n\u00e3o realiza\u00e7\u00e3o do &#8220;Forr\u00f3 Da Macambira&#8221; foi confirmada em nota pelo ex-governador Jo\u00e3o Lyra Neto (PSDB). Ele&nbsp;informou que devido&hellip;<\/p>\n","protected":false},"author":1,"featured_media":0,"comment_status":"open","ping_status":"open","sticky":false,"template":"","format":"standard","meta":{"footnotes":""},"categories":[1],"tags":[7727,2,20],"class_list":["post-5745","post","type-post","status-publish","format-standard","hentry","category-sem-categoria","tag-forro-da-macambira-e-forro-da-onda-nao-serao-realizados-neste-ano","tag-blog-do-edvaldo-magalhaes","tag-politica"],"_links":{"self":[{"href":"https:\/\/blogdoedvaldomagalhaes.com.br\/index.php\/wp-json\/wp\/v2\/posts\/5745","targetHints":{"allow":["GET"]}}],"collection":[{"href":"https:\/\/blogdoedvaldomagalhaes.com.br\/index.php\/wp-json\/wp\/v2\/posts"}],"about":[{"href":"https:\/\/blogdoedvaldomagalhaes.com.br\/index.php\/wp-json\/wp\/v2\/types\/post"}],"author":[{"embeddable":true,"href":"https:\/\/blogdoedvaldomagalhaes.com.br\/index.php\/wp-json\/wp\/v2\/users\/1"}],"replies":[{"embeddable":true,"href":"https:\/\/blogdoedvaldomagalhaes.com.br\/index.php\/wp-json\/wp\/v2\/comments?post=5745"}],"version-history":[{"count":1,"href":"https:\/\/blogdoedvaldomagalhaes.com.br\/index.php\/wp-json\/wp\/v2\/posts\/5745\/revisions"}],"predecessor-version":[{"id":20557,"href":"https:\/\/blogdoedvaldomagalhaes.com.br\/index.php\/wp-json\/wp\/v2\/posts\/5745\/revisions\/20557"}],"wp:attachment":[{"href":"https:\/\/blogdoedvaldomagalhaes.com.br\/index.php\/wp-json\/wp\/v2\/media?parent=5745"}],"wp:term":[{"taxonomy":"category","embeddable":true,"href":"https:\/\/blogdoedvaldomagalhaes.com.br\/index.php\/wp-json\/wp\/v2\/categories?post=5745"},{"taxonomy":"post_tag","embeddable":true,"href":"https:\/\/blogdoedvaldomagalhaes.com.br\/index.php\/wp-json\/wp\/v2\/tags?post=5745"}],"curies":[{"name":"wp","href":"https:\/\/api.w.org\/{rel}","templated":true}]}}