{"id":57447,"date":"2020-06-16T10:43:17","date_gmt":"2020-06-16T13:43:17","guid":{"rendered":"https:\/\/blogdoedvaldomagalhaes.com.br\/?p=57447"},"modified":"2020-06-16T10:43:24","modified_gmt":"2020-06-16T13:43:24","slug":"carros-roubados-sao-recuperados-na-br-423-e-um-deles-seria-entregue-em-caruaru","status":"publish","type":"post","link":"https:\/\/blogdoedvaldomagalhaes.com.br\/index.php\/2020\/06\/16\/carros-roubados-sao-recuperados-na-br-423-e-um-deles-seria-entregue-em-caruaru\/","title":{"rendered":"Carros roubados s\u00e3o recuperados na BR 423 e um deles seria entregue em Caruaru"},"content":{"rendered":"<p style=\"text-align: justify;\">Do<span style=\"font-size: inherit;\">is carros roubados foram recuperados na noite de segunda-feira (15), pela Pol\u00edcia Rodovi\u00e1ria Federal (PRF), na BR 423, em Jucati, no Agreste de Pernambuco. Dois homens, de 30 e 21 anos, foram detidos nas a\u00e7\u00f5es.<\/span><\/p>\n<p style=\"text-align: justify;\">Policiais do Grupo de Patrulhamento T\u00e1tico da PRF realizavam uma fiscaliza\u00e7\u00e3o no quil\u00f4metro 79 da rodovia, quando avistaram um carro com suspeita de roubo. Durante a abordagem, foram encontradas duas placas de ve\u00edculos novas e constatado que o autom\u00f3vel havia sido roubado no dia 13 de junho deste ano em Garanhuns<\/p>\n<p style=\"text-align: justify;\">Logo em seguida, os policiais abordaram outro carro que seguia pr\u00f3ximo do primeiro. Ap\u00f3s uma verifica\u00e7\u00e3o detalhada, a equipe descobriu que o ve\u00edculo havia sido roubado em dezembro do ano passado, em Gameleira, na Mata Sul de Pernambuco.<\/p>\n<p style=\"text-align: justify;\">Os motoristas admitiram que viajavam juntos e iriam entregar o primeiro ve\u00edculo em Caruaru. O condutor do segundo ve\u00edculo disse que havia contratado o outro homem para ajudar na entrega.<\/p>\n<p style=\"text-align: justify;\">Os motoristas foram detidos e encaminhados \u00e0 delegacia de Pol\u00edcia Civil de Lajedo. Os carros n\u00e3o possu\u00edam seguro e ser\u00e3o devolvidos aos propriet\u00e1rios.<\/p>\n\n\n<figure class=\"wp-block-image size-large\"><img loading=\"lazy\" decoding=\"async\" width=\"1024\" height=\"768\" src=\"https:\/\/blogdoedvaldomagalhaes.com.br\/wp-content\/uploads\/2020\/06\/IMG-20200616-WA0045-1024x768.jpg\" alt=\"\" class=\"wp-image-57448\" srcset=\"https:\/\/blogdoedvaldomagalhaes.com.br\/wp-content\/uploads\/2020\/06\/IMG-20200616-WA0045-1024x768.jpg 1024w, https:\/\/blogdoedvaldomagalhaes.com.br\/wp-content\/uploads\/2020\/06\/IMG-20200616-WA0045-300x225.jpg 300w, https:\/\/blogdoedvaldomagalhaes.com.br\/wp-content\/uploads\/2020\/06\/IMG-20200616-WA0045-768x576.jpg 768w, https:\/\/blogdoedvaldomagalhaes.com.br\/wp-content\/uploads\/2020\/06\/IMG-20200616-WA0045-160x120.jpg 160w, https:\/\/blogdoedvaldomagalhaes.com.br\/wp-content\/uploads\/2020\/06\/IMG-20200616-WA0045.jpg 1152w\" sizes=\"auto, (max-width: 1024px) 100vw, 1024px\" \/><figcaption>Fotos: PRF\/Divulga\u00e7\u00e3o<\/figcaption><\/figure>\n","protected":false},"excerpt":{"rendered":"<p>Dois carros roubados foram recuperados na noite de segunda-feira (15), pela Pol\u00edcia Rodovi\u00e1ria Federal (PRF), na BR 423, em Jucati,&hellip;<\/p>\n","protected":false},"author":1,"featured_media":57449,"comment_status":"open","ping_status":"open","sticky":false,"template":"","format":"standard","meta":{"footnotes":""},"categories":[14121],"tags":[2,18568,16881,2278],"class_list":["post-57447","post","type-post","status-publish","format-standard","has-post-thumbnail","hentry","category-policial","tag-blog-do-edvaldo-magalhaes","tag-carros-roubados-sao-recuperados-na-br-423-e-um-deles-seria-entregue-em-caruaru","tag-caruaru-e-regiao","tag-policia-rodoviaria-federal"],"_links":{"self":[{"href":"https:\/\/blogdoedvaldomagalhaes.com.br\/index.php\/wp-json\/wp\/v2\/posts\/57447","targetHints":{"allow":["GET"]}}],"collection":[{"href":"https:\/\/blogdoedvaldomagalhaes.com.br\/index.php\/wp-json\/wp\/v2\/posts"}],"about":[{"href":"https:\/\/blogdoedvaldomagalhaes.com.br\/index.php\/wp-json\/wp\/v2\/types\/post"}],"author":[{"embeddable":true,"href":"https:\/\/blogdoedvaldomagalhaes.com.br\/index.php\/wp-json\/wp\/v2\/users\/1"}],"replies":[{"embeddable":true,"href":"https:\/\/blogdoedvaldomagalhaes.com.br\/index.php\/wp-json\/wp\/v2\/comments?post=57447"}],"version-history":[{"count":1,"href":"https:\/\/blogdoedvaldomagalhaes.com.br\/index.php\/wp-json\/wp\/v2\/posts\/57447\/revisions"}],"predecessor-version":[{"id":57450,"href":"https:\/\/blogdoedvaldomagalhaes.com.br\/index.php\/wp-json\/wp\/v2\/posts\/57447\/revisions\/57450"}],"wp:featuredmedia":[{"embeddable":true,"href":"https:\/\/blogdoedvaldomagalhaes.com.br\/index.php\/wp-json\/wp\/v2\/media\/57449"}],"wp:attachment":[{"href":"https:\/\/blogdoedvaldomagalhaes.com.br\/index.php\/wp-json\/wp\/v2\/media?parent=57447"}],"wp:term":[{"taxonomy":"category","embeddable":true,"href":"https:\/\/blogdoedvaldomagalhaes.com.br\/index.php\/wp-json\/wp\/v2\/categories?post=57447"},{"taxonomy":"post_tag","embeddable":true,"href":"https:\/\/blogdoedvaldomagalhaes.com.br\/index.php\/wp-json\/wp\/v2\/tags?post=57447"}],"curies":[{"name":"wp","href":"https:\/\/api.w.org\/{rel}","templated":true}]}}