{"id":57440,"date":"2020-06-16T09:55:31","date_gmt":"2020-06-16T12:55:31","guid":{"rendered":"https:\/\/blogdoedvaldomagalhaes.com.br\/?p=57440"},"modified":"2020-06-16T10:02:59","modified_gmt":"2020-06-16T13:02:59","slug":"confira-o-volume-dagua-dos-mananciais-que-abastecem-caruaru","status":"publish","type":"post","link":"https:\/\/blogdoedvaldomagalhaes.com.br\/index.php\/2020\/06\/16\/confira-o-volume-dagua-dos-mananciais-que-abastecem-caruaru\/","title":{"rendered":"Confira o volume d&#8217;\u00e1gua dos mananciais que abastecem Caruaru"},"content":{"rendered":"<p style=\"text-align: justify;\">A barragem de Jucazinho, em Surubim, no Agreste de Pernambuco, est\u00e1 con 33,39% de sua capacidade, sendo um volume de 68 milh\u00f5es de metros c\u00fabicos, enquanto a barragem do Prata, no munic\u00edpio de Bonito, est\u00e1 com 84,41% de sua capacidade, sendo 35 milh\u00f5es de metros c\u00fabicos, j\u00e1 a Barragem de Taquara est\u00e1 com 60%, sendo 808 mil metros c\u00fabicos de \u00e1gua.<\/p>\n<p style=\"text-align: justify;\">A barragem de Jucazinho tem capacidade de acumular at\u00e9 204 milh\u00f5es de metros c\u00fabicos de \u00e1gua. J\u00e1 a barragem do Prata, pode acumular at\u00e9 42 milh\u00f5es de metros c\u00fabicos de \u00e1gua.<\/p>\n<p>Blog do Edvaldo Magalh\u00e3es.<\/p>\n\n\n<figure class=\"wp-block-image size-large\"><img loading=\"lazy\" decoding=\"async\" width=\"1024\" height=\"768\" src=\"https:\/\/blogdoedvaldomagalhaes.com.br\/wp-content\/uploads\/2020\/06\/IMG-20200616-WA0015-1024x768.jpg\" alt=\"\" class=\"wp-image-57444\" srcset=\"https:\/\/blogdoedvaldomagalhaes.com.br\/wp-content\/uploads\/2020\/06\/IMG-20200616-WA0015-1024x768.jpg 1024w, https:\/\/blogdoedvaldomagalhaes.com.br\/wp-content\/uploads\/2020\/06\/IMG-20200616-WA0015-300x225.jpg 300w, https:\/\/blogdoedvaldomagalhaes.com.br\/wp-content\/uploads\/2020\/06\/IMG-20200616-WA0015-768x576.jpg 768w, https:\/\/blogdoedvaldomagalhaes.com.br\/wp-content\/uploads\/2020\/06\/IMG-20200616-WA0015-160x120.jpg 160w, https:\/\/blogdoedvaldomagalhaes.com.br\/wp-content\/uploads\/2020\/06\/IMG-20200616-WA0015.jpg 1280w\" sizes=\"auto, (max-width: 1024px) 100vw, 1024px\" \/><figcaption>Foto: Barragem de Jucazinho<\/figcaption><\/figure>\n\n\n\n<figure class=\"wp-block-image size-large\"><img loading=\"lazy\" decoding=\"async\" width=\"1024\" height=\"576\" src=\"https:\/\/blogdoedvaldomagalhaes.com.br\/wp-content\/uploads\/2020\/06\/IMG-20200616-WA0017-1024x576.jpg\" alt=\"\" class=\"wp-image-57445\" srcset=\"https:\/\/blogdoedvaldomagalhaes.com.br\/wp-content\/uploads\/2020\/06\/IMG-20200616-WA0017-1024x576.jpg 1024w, https:\/\/blogdoedvaldomagalhaes.com.br\/wp-content\/uploads\/2020\/06\/IMG-20200616-WA0017-300x169.jpg 300w, https:\/\/blogdoedvaldomagalhaes.com.br\/wp-content\/uploads\/2020\/06\/IMG-20200616-WA0017-768x432.jpg 768w, https:\/\/blogdoedvaldomagalhaes.com.br\/wp-content\/uploads\/2020\/06\/IMG-20200616-WA0017-1536x864.jpg 1536w, https:\/\/blogdoedvaldomagalhaes.com.br\/wp-content\/uploads\/2020\/06\/IMG-20200616-WA0017-1140x641.jpg 1140w, https:\/\/blogdoedvaldomagalhaes.com.br\/wp-content\/uploads\/2020\/06\/IMG-20200616-WA0017-720x405.jpg 720w, https:\/\/blogdoedvaldomagalhaes.com.br\/wp-content\/uploads\/2020\/06\/IMG-20200616-WA0017.jpg 1600w\" sizes=\"auto, (max-width: 1024px) 100vw, 1024px\" \/><figcaption>Foto: Barragem de Taquara<\/figcaption><\/figure>\n","protected":false},"excerpt":{"rendered":"<p>A barragem de Jucazinho, em Surubim, no Agreste de Pernambuco, est\u00e1 con 33,39% de sua capacidade, sendo um volume de&hellip;<\/p>\n","protected":false},"author":1,"featured_media":57441,"comment_status":"open","ping_status":"open","sticky":false,"template":"","format":"standard","meta":{"footnotes":""},"categories":[14120],"tags":[4967,5077,7234,2,16881],"class_list":["post-57440","post","type-post","status-publish","format-standard","has-post-thumbnail","hentry","category-noticias","tag-barragem-de-jucazinho","tag-barragem-de-taquara","tag-barragem-do-prata","tag-blog-do-edvaldo-magalhaes","tag-caruaru-e-regiao"],"_links":{"self":[{"href":"https:\/\/blogdoedvaldomagalhaes.com.br\/index.php\/wp-json\/wp\/v2\/posts\/57440","targetHints":{"allow":["GET"]}}],"collection":[{"href":"https:\/\/blogdoedvaldomagalhaes.com.br\/index.php\/wp-json\/wp\/v2\/posts"}],"about":[{"href":"https:\/\/blogdoedvaldomagalhaes.com.br\/index.php\/wp-json\/wp\/v2\/types\/post"}],"author":[{"embeddable":true,"href":"https:\/\/blogdoedvaldomagalhaes.com.br\/index.php\/wp-json\/wp\/v2\/users\/1"}],"replies":[{"embeddable":true,"href":"https:\/\/blogdoedvaldomagalhaes.com.br\/index.php\/wp-json\/wp\/v2\/comments?post=57440"}],"version-history":[{"count":2,"href":"https:\/\/blogdoedvaldomagalhaes.com.br\/index.php\/wp-json\/wp\/v2\/posts\/57440\/revisions"}],"predecessor-version":[{"id":57446,"href":"https:\/\/blogdoedvaldomagalhaes.com.br\/index.php\/wp-json\/wp\/v2\/posts\/57440\/revisions\/57446"}],"wp:featuredmedia":[{"embeddable":true,"href":"https:\/\/blogdoedvaldomagalhaes.com.br\/index.php\/wp-json\/wp\/v2\/media\/57441"}],"wp:attachment":[{"href":"https:\/\/blogdoedvaldomagalhaes.com.br\/index.php\/wp-json\/wp\/v2\/media?parent=57440"}],"wp:term":[{"taxonomy":"category","embeddable":true,"href":"https:\/\/blogdoedvaldomagalhaes.com.br\/index.php\/wp-json\/wp\/v2\/categories?post=57440"},{"taxonomy":"post_tag","embeddable":true,"href":"https:\/\/blogdoedvaldomagalhaes.com.br\/index.php\/wp-json\/wp\/v2\/tags?post=57440"}],"curies":[{"name":"wp","href":"https:\/\/api.w.org\/{rel}","templated":true}]}}