{"id":57417,"date":"2020-06-15T21:45:46","date_gmt":"2020-06-16T00:45:46","guid":{"rendered":"https:\/\/blogdoedvaldomagalhaes.com.br\/?p=57417"},"modified":"2020-06-16T13:25:37","modified_gmt":"2020-06-16T16:25:37","slug":"homicidio-proximo-do-patio-de-eventos-em-caruaru-nesta-segunda-15","status":"publish","type":"post","link":"https:\/\/blogdoedvaldomagalhaes.com.br\/index.php\/2020\/06\/15\/homicidio-proximo-do-patio-de-eventos-em-caruaru-nesta-segunda-15\/","title":{"rendered":"Homic\u00eddio pr\u00f3ximo do P\u00e1tio de Eventos em Caruaru nesta segunda (15)"},"content":{"rendered":"<p style=\"text-align: justify;\">O ex-presidi\u00e1rio Jos\u00e9 Rinaldo Freire, de 25 anos de idade, foi assassinado a tiros na noite desta segunda-feira (15), na rua Ant\u00f4nio Satu, pr\u00f3ximo do P\u00e1tio de Eventos Luiz Gonzaga, no centro de Caruaru, Agreste de Pernambuco. Ele j\u00e1<span style=\"font-size: inherit;\"> foi preso\u00a0 acusado por roubo e tr\u00e1fico de drogas, recentemente foi preso com uma motocicleta roubada. Ele j\u00e1 tinha passado um tempo internado na Funase ap\u00f3s cometer um assassinato.<\/span><\/p>\n<p style=\"text-align: justify;\">O\u00a0Tenente Ot\u00e1vio Neto, disse que o jovem estava a uns 100 metros da casa do tio, onde estava realizando uma tratativa, possivelmente envolvendo o tr\u00e1fico de drogas e de repente surgiram uns elementos num ve\u00edculo branco, um \u00d4nix ou um HB20 e efetuaram v\u00e1rios tiros contra o jovem que saiu correndo, um dos ocupantes do carro saiu correndo atr\u00e1s dele, que tentou se refugiar entrando na casa do tio, por\u00e9m foi alcan\u00e7ado e morto quando tentava subir a escada.<\/p>\n<p style=\"text-align: justify;\">Este foi o 5\u00ba assassinato do m\u00eas de Junho e o 66\u00ba do ano de 2020 e o corpo foi encaminhado para o IML local.<\/p>\n<p style=\"text-align: justify;\">O Samu foi acionado, mas quando a equipe chegou ao local o jovem j\u00e1 estava em \u00f3bito. A Pol\u00edcia Militar fez o isolamento do local. Ap\u00f3s per\u00edcia, o corpo ser\u00e1 levado para o Instituto de Medicina Legal (IML). Ainda n\u00e3o h\u00e1 informa\u00e7\u00f5es sobre autoria nem motiva\u00e7\u00e3o do crime.<\/p>\n<p style=\"text-align: justify;\">Este \u00e9 o 5\u00ba homic\u00eddio do m\u00eas de junho em Caruaru. Neste ano de 2020, s\u00e3o 66 assassinatos no munic\u00edpio.<\/p>\n<p style=\"text-align: justify;\">Foto: Renan da Funer\u00e1ria\/Cortesia.<\/p>\n\n\n<figure class=\"wp-block-image size-large\"><img loading=\"lazy\" decoding=\"async\" width=\"384\" height=\"640\" src=\"https:\/\/blogdoedvaldomagalhaes.com.br\/wp-content\/uploads\/2020\/06\/IMG-20200615-WA0369.jpg\" alt=\"\" class=\"wp-image-57422\" srcset=\"https:\/\/blogdoedvaldomagalhaes.com.br\/wp-content\/uploads\/2020\/06\/IMG-20200615-WA0369.jpg 384w, https:\/\/blogdoedvaldomagalhaes.com.br\/wp-content\/uploads\/2020\/06\/IMG-20200615-WA0369-180x300.jpg 180w\" sizes=\"auto, (max-width: 384px) 100vw, 384px\" \/><figcaption>Jos\u00e9 Rinaldo Freire<\/figcaption><\/figure>\n","protected":false},"excerpt":{"rendered":"<p>O ex-presidi\u00e1rio Jos\u00e9 Rinaldo Freire, de 25 anos de idade, foi assassinado a tiros na noite desta segunda-feira (15), na&hellip;<\/p>\n","protected":false},"author":1,"featured_media":57418,"comment_status":"open","ping_status":"open","sticky":false,"template":"","format":"standard","meta":{"footnotes":""},"categories":[14121],"tags":[2,16881,18563],"class_list":["post-57417","post","type-post","status-publish","format-standard","has-post-thumbnail","hentry","category-policial","tag-blog-do-edvaldo-magalhaes","tag-caruaru-e-regiao","tag-homicidio-proximo-do-patio-de-eventos-em-caruaru-nesta-segunda-15"],"_links":{"self":[{"href":"https:\/\/blogdoedvaldomagalhaes.com.br\/index.php\/wp-json\/wp\/v2\/posts\/57417","targetHints":{"allow":["GET"]}}],"collection":[{"href":"https:\/\/blogdoedvaldomagalhaes.com.br\/index.php\/wp-json\/wp\/v2\/posts"}],"about":[{"href":"https:\/\/blogdoedvaldomagalhaes.com.br\/index.php\/wp-json\/wp\/v2\/types\/post"}],"author":[{"embeddable":true,"href":"https:\/\/blogdoedvaldomagalhaes.com.br\/index.php\/wp-json\/wp\/v2\/users\/1"}],"replies":[{"embeddable":true,"href":"https:\/\/blogdoedvaldomagalhaes.com.br\/index.php\/wp-json\/wp\/v2\/comments?post=57417"}],"version-history":[{"count":6,"href":"https:\/\/blogdoedvaldomagalhaes.com.br\/index.php\/wp-json\/wp\/v2\/posts\/57417\/revisions"}],"predecessor-version":[{"id":57456,"href":"https:\/\/blogdoedvaldomagalhaes.com.br\/index.php\/wp-json\/wp\/v2\/posts\/57417\/revisions\/57456"}],"wp:featuredmedia":[{"embeddable":true,"href":"https:\/\/blogdoedvaldomagalhaes.com.br\/index.php\/wp-json\/wp\/v2\/media\/57418"}],"wp:attachment":[{"href":"https:\/\/blogdoedvaldomagalhaes.com.br\/index.php\/wp-json\/wp\/v2\/media?parent=57417"}],"wp:term":[{"taxonomy":"category","embeddable":true,"href":"https:\/\/blogdoedvaldomagalhaes.com.br\/index.php\/wp-json\/wp\/v2\/categories?post=57417"},{"taxonomy":"post_tag","embeddable":true,"href":"https:\/\/blogdoedvaldomagalhaes.com.br\/index.php\/wp-json\/wp\/v2\/tags?post=57417"}],"curies":[{"name":"wp","href":"https:\/\/api.w.org\/{rel}","templated":true}]}}