{"id":57413,"date":"2020-06-15T19:01:00","date_gmt":"2020-06-15T22:01:00","guid":{"rendered":"https:\/\/blogdoedvaldomagalhaes.com.br\/?p=57413"},"modified":"2020-06-15T19:01:09","modified_gmt":"2020-06-15T22:01:09","slug":"caruaru-tem-mais-30-recuperados-de-covid-19-totalizando-922-pacientes","status":"publish","type":"post","link":"https:\/\/blogdoedvaldomagalhaes.com.br\/index.php\/2020\/06\/15\/caruaru-tem-mais-30-recuperados-de-covid-19-totalizando-922-pacientes\/","title":{"rendered":"Caruaru tem mais 30 recuperados de Covid-19 totalizando 922 pacientes"},"content":{"rendered":"<p style=\"text-align: justify;\"><span style=\"font-size: inherit;\">A Secretaria de Sa\u00fade de Caruaru informa, nesta segunda (15), que at\u00e9 o momento foram realizados 3.892 testes, dos quais 1.353 foram atrav\u00e9s do teste molecular e 2.892 do teste r\u00e1pido, com 1.150 confirma\u00e7\u00f5es para a Covid-19, incluindo mais tr\u00eas \u00f3bitos: Mulher, 82 anos, sem comorbidades, falecida em 12 de junho; homem, 57 anos, com comorbidades e um homem, 86 anos, sem comorbidades, falecidos em 14 de junho.<\/span><\/p>\n<p style=\"text-align: justify;\">Em investiga\u00e7\u00e3o est\u00e3o 201 casos e j\u00e1 foram 2.541 descartados.<\/p>\n<p style=\"text-align: justify;\">Tamb\u00e9m j\u00e1 foram registrados 7.634 casos de s\u00edndrome gripal, dos quais 1.236 foram orientados a ficar em isolamento domiciliar.<\/p>\n<p style=\"text-align: justify;\">A secretaria informa ainda que 922 pacientes j\u00e1 foram recuperados do novo coronav\u00edrus.<\/p>\n\n\n<figure class=\"wp-block-image size-large\"><img loading=\"lazy\" decoding=\"async\" width=\"1024\" height=\"1024\" src=\"https:\/\/blogdoedvaldomagalhaes.com.br\/wp-content\/uploads\/2020\/06\/IMG-20200615-WA0319-1024x1024.jpg\" alt=\"\" class=\"wp-image-57414\" srcset=\"https:\/\/blogdoedvaldomagalhaes.com.br\/wp-content\/uploads\/2020\/06\/IMG-20200615-WA0319-1024x1024.jpg 1024w, https:\/\/blogdoedvaldomagalhaes.com.br\/wp-content\/uploads\/2020\/06\/IMG-20200615-WA0319-300x300.jpg 300w, https:\/\/blogdoedvaldomagalhaes.com.br\/wp-content\/uploads\/2020\/06\/IMG-20200615-WA0319-150x150.jpg 150w, https:\/\/blogdoedvaldomagalhaes.com.br\/wp-content\/uploads\/2020\/06\/IMG-20200615-WA0319-768x768.jpg 768w, https:\/\/blogdoedvaldomagalhaes.com.br\/wp-content\/uploads\/2020\/06\/IMG-20200615-WA0319.jpg 1280w\" sizes=\"auto, (max-width: 1024px) 100vw, 1024px\" \/><\/figure>\n","protected":false},"excerpt":{"rendered":"<p>A Secretaria de Sa\u00fade de Caruaru informa, nesta segunda (15), que at\u00e9 o momento foram realizados 3.892 testes, dos quais&hellip;<\/p>\n","protected":false},"author":1,"featured_media":57415,"comment_status":"open","ping_status":"open","sticky":false,"template":"","format":"standard","meta":{"footnotes":""},"categories":[14120],"tags":[18562,17948],"class_list":["post-57413","post","type-post","status-publish","format-standard","has-post-thumbnail","hentry","category-noticias","tag-caruaru-tem-mais-30-recuperados-de-covid-19-totalizando-922-pacientes-recuperados","tag-coronavirus-2"],"_links":{"self":[{"href":"https:\/\/blogdoedvaldomagalhaes.com.br\/index.php\/wp-json\/wp\/v2\/posts\/57413","targetHints":{"allow":["GET"]}}],"collection":[{"href":"https:\/\/blogdoedvaldomagalhaes.com.br\/index.php\/wp-json\/wp\/v2\/posts"}],"about":[{"href":"https:\/\/blogdoedvaldomagalhaes.com.br\/index.php\/wp-json\/wp\/v2\/types\/post"}],"author":[{"embeddable":true,"href":"https:\/\/blogdoedvaldomagalhaes.com.br\/index.php\/wp-json\/wp\/v2\/users\/1"}],"replies":[{"embeddable":true,"href":"https:\/\/blogdoedvaldomagalhaes.com.br\/index.php\/wp-json\/wp\/v2\/comments?post=57413"}],"version-history":[{"count":1,"href":"https:\/\/blogdoedvaldomagalhaes.com.br\/index.php\/wp-json\/wp\/v2\/posts\/57413\/revisions"}],"predecessor-version":[{"id":57416,"href":"https:\/\/blogdoedvaldomagalhaes.com.br\/index.php\/wp-json\/wp\/v2\/posts\/57413\/revisions\/57416"}],"wp:featuredmedia":[{"embeddable":true,"href":"https:\/\/blogdoedvaldomagalhaes.com.br\/index.php\/wp-json\/wp\/v2\/media\/57415"}],"wp:attachment":[{"href":"https:\/\/blogdoedvaldomagalhaes.com.br\/index.php\/wp-json\/wp\/v2\/media?parent=57413"}],"wp:term":[{"taxonomy":"category","embeddable":true,"href":"https:\/\/blogdoedvaldomagalhaes.com.br\/index.php\/wp-json\/wp\/v2\/categories?post=57413"},{"taxonomy":"post_tag","embeddable":true,"href":"https:\/\/blogdoedvaldomagalhaes.com.br\/index.php\/wp-json\/wp\/v2\/tags?post=57413"}],"curies":[{"name":"wp","href":"https:\/\/api.w.org\/{rel}","templated":true}]}}