{"id":57403,"date":"2020-06-15T17:25:04","date_gmt":"2020-06-15T20:25:04","guid":{"rendered":"https:\/\/blogdoedvaldomagalhaes.com.br\/?p=57403"},"modified":"2020-06-15T17:25:39","modified_gmt":"2020-06-15T20:25:39","slug":"barragem-se-rompe-em-saire-e-em-caruaru-defesa-civil-alerta-moradores-de-areas-ribeirinhas","status":"publish","type":"post","link":"https:\/\/blogdoedvaldomagalhaes.com.br\/index.php\/2020\/06\/15\/barragem-se-rompe-em-saire-e-em-caruaru-defesa-civil-alerta-moradores-de-areas-ribeirinhas\/","title":{"rendered":"Barragem se rompe em Sair\u00e9 e em Caruaru Defesa Civil alerta moradores de \u00e1reas ribeirinhas"},"content":{"rendered":"<p style=\"text-align: justify;\">As chuvas seguem causando transtornos em v\u00e1rios munic\u00edpios de Pernambuco, na Regi\u00e3o Metropolitana do Recife, Zona da Mata e Agreste. O alerta de chuva forte para as tr\u00eas regi\u00f5es foi emitido na manh\u00e3 do domingo (14) pela\u00a0<a href=\"https:\/\/liberdade.com.br\/2020\/06\/14\/apac-faz-alerta-de-chuva-forte-para-este-domingo-em-pernambuco\/\">Ag\u00eancia Pernambucana de \u00c1guas e Clima (Apac)<\/a>.<\/p>\n<p style=\"text-align: justify;\">Olinda, Vit\u00f3ria de Santo Ant\u00e3o, Sair\u00e9, Barra de Guabiraba, entre outros munic\u00edpios, est\u00e3o enfrentando problemas com a enxurrada. Segue chovendo forte o que contribui para o aumento do n\u00edvel da \u00e1gua nos rios.<\/p>\n<p style=\"text-align: justify;\">Em Sair\u00e9, uma barragem se rompeu e a \u00e1gua segue em dire\u00e7\u00e3o as cidades de Barra de Guabiraba e Cort\u00eas.<\/p>\n","protected":false},"excerpt":{"rendered":"<p>As chuvas seguem causando transtornos em v\u00e1rios munic\u00edpios de Pernambuco, na Regi\u00e3o Metropolitana do Recife, Zona da Mata e Agreste.&hellip;<\/p>\n","protected":false},"author":1,"featured_media":57404,"comment_status":"open","ping_status":"open","sticky":false,"template":"","format":"standard","meta":{"footnotes":""},"categories":[14120],"tags":[18560,2,16881],"class_list":["post-57403","post","type-post","status-publish","format-standard","has-post-thumbnail","hentry","category-noticias","tag-barragem-se-rompe-em-saire-e-em-caruaru-defesa-civil-alerta-moradores-de-areas-ribeirinhas","tag-blog-do-edvaldo-magalhaes","tag-caruaru-e-regiao"],"_links":{"self":[{"href":"https:\/\/blogdoedvaldomagalhaes.com.br\/index.php\/wp-json\/wp\/v2\/posts\/57403","targetHints":{"allow":["GET"]}}],"collection":[{"href":"https:\/\/blogdoedvaldomagalhaes.com.br\/index.php\/wp-json\/wp\/v2\/posts"}],"about":[{"href":"https:\/\/blogdoedvaldomagalhaes.com.br\/index.php\/wp-json\/wp\/v2\/types\/post"}],"author":[{"embeddable":true,"href":"https:\/\/blogdoedvaldomagalhaes.com.br\/index.php\/wp-json\/wp\/v2\/users\/1"}],"replies":[{"embeddable":true,"href":"https:\/\/blogdoedvaldomagalhaes.com.br\/index.php\/wp-json\/wp\/v2\/comments?post=57403"}],"version-history":[{"count":2,"href":"https:\/\/blogdoedvaldomagalhaes.com.br\/index.php\/wp-json\/wp\/v2\/posts\/57403\/revisions"}],"predecessor-version":[{"id":57406,"href":"https:\/\/blogdoedvaldomagalhaes.com.br\/index.php\/wp-json\/wp\/v2\/posts\/57403\/revisions\/57406"}],"wp:featuredmedia":[{"embeddable":true,"href":"https:\/\/blogdoedvaldomagalhaes.com.br\/index.php\/wp-json\/wp\/v2\/media\/57404"}],"wp:attachment":[{"href":"https:\/\/blogdoedvaldomagalhaes.com.br\/index.php\/wp-json\/wp\/v2\/media?parent=57403"}],"wp:term":[{"taxonomy":"category","embeddable":true,"href":"https:\/\/blogdoedvaldomagalhaes.com.br\/index.php\/wp-json\/wp\/v2\/categories?post=57403"},{"taxonomy":"post_tag","embeddable":true,"href":"https:\/\/blogdoedvaldomagalhaes.com.br\/index.php\/wp-json\/wp\/v2\/tags?post=57403"}],"curies":[{"name":"wp","href":"https:\/\/api.w.org\/{rel}","templated":true}]}}