{"id":5714,"date":"2017-06-10T12:39:00","date_gmt":"2017-06-10T15:39:00","guid":{"rendered":"http:\/\/blogdoedvaldomagalhaes.com.br\/index.php\/2017\/06\/10\/ex-presidiario-assassinado-no-bairro\/"},"modified":"2019-02-09T01:30:29","modified_gmt":"2019-02-09T03:30:29","slug":"ex-presidiario-assassinado-no-bairro","status":"publish","type":"post","link":"https:\/\/blogdoedvaldomagalhaes.com.br\/index.php\/2017\/06\/10\/ex-presidiario-assassinado-no-bairro\/","title":{"rendered":"Ex-presidi\u00e1rio \u00e9 assassinado no bairro Salgado em Caruaru"},"content":{"rendered":"<div class=\"separator\" style=\"clear: both; text-align: center;\">\n<a href=\"https:\/\/3.bp.blogspot.com\/-vcw_qrkZwuk\/WTvmsco8JQI\/AAAAAAAAXF0\/B6ZvMmV1am07-G33l5c3brp6Sm31nwhcgCLcB\/s1600\/IMG-20170610-WA0025.jpg\" imageanchor=\"1\" style=\"margin-left: 1em; margin-right: 1em;\"><img loading=\"lazy\" decoding=\"async\" border=\"0\" data-original-height=\"567\" data-original-width=\"345\" height=\"320\" src=\"http:\/\/blogdoedvaldomagalhaes.com.br\/wp-content\/uploads\/2017\/06\/IMG-20170610-WA0025.jpg\" width=\"194\" \/><\/a><\/div>\n<div style=\"text-align: justify;\">\n<\/div>\n<div style=\"text-align: justify;\">\nO ex-presidi\u00e1rio Jorge Fernando da Silva (Jorginho), 26 anos, que morava na rua Pedro Gon\u00e7alves Filho, no centro, por tr\u00e1s do P\u00e1tio de Eventos, foi assassinado a tiros na noite dessa sexta-feira &nbsp;(09), quando estava na rua Carneiro Portela, no bairro Salgado.<br \/>\nEle saiu da penitenci\u00e1ria h\u00e1 dez meses, onde cumpriu pena por furto. Jorge chegou em um posto de combust\u00edveis baleado, a Pol\u00edcia Militar foi acionada e quando a guarni\u00e7\u00e3o chegou ele estava consciente e informou que foi baleado por dois homens que estavam em uma motocicleta Bros.<br \/>\nJorge foi atingido por dois disparos de arma de fogo no t\u00f3rax e morreu dentro da ambul\u00e2ncia do Samu, quando recebia os primeiros socorros.&nbsp;J\u00e1 s\u00e3o quatro homic\u00eddios em junho e 137 no ano em Caruaru.<\/p>\n<p><\/p>\n<div class=\"separator\" style=\"clear: both; text-align: center;\">\n<a href=\"http:\/\/blogdoedvaldomagalhaes.com.br\/wp-content\/uploads\/2017\/06\/8-Liberdade-9.jpg\" imageanchor=\"1\" style=\"clear: left; float: left; margin-bottom: 1em; margin-right: 1em;\"><img decoding=\"async\" border=\"0\" data-original-height=\"100\" data-original-width=\"570\" src=\"http:\/\/blogdoedvaldomagalhaes.com.br\/wp-content\/uploads\/2017\/06\/8-Liberdade-9.jpg\" \/><\/a><\/div>\n<p><\/div>\n","protected":false},"excerpt":{"rendered":"<p>O ex-presidi\u00e1rio Jorge Fernando da Silva (Jorginho), 26 anos, que morava na rua Pedro Gon\u00e7alves Filho, no centro, por tr\u00e1s&hellip;<\/p>\n","protected":false},"author":1,"featured_media":0,"comment_status":"open","ping_status":"open","sticky":false,"template":"","format":"standard","meta":{"footnotes":""},"categories":[1],"tags":[2,7684,7685,13,7686],"class_list":["post-5714","post","type-post","status-publish","format-standard","hentry","category-sem-categoria","tag-blog-do-edvaldo-magalhaes","tag-ex-presidiario-e-assassinado-no-bairro-salgado-em-caruaru","tag-jorge-fernando-da-silva-jorginho","tag-policial","tag-rua-pedro-goncalves-filho"],"_links":{"self":[{"href":"https:\/\/blogdoedvaldomagalhaes.com.br\/index.php\/wp-json\/wp\/v2\/posts\/5714","targetHints":{"allow":["GET"]}}],"collection":[{"href":"https:\/\/blogdoedvaldomagalhaes.com.br\/index.php\/wp-json\/wp\/v2\/posts"}],"about":[{"href":"https:\/\/blogdoedvaldomagalhaes.com.br\/index.php\/wp-json\/wp\/v2\/types\/post"}],"author":[{"embeddable":true,"href":"https:\/\/blogdoedvaldomagalhaes.com.br\/index.php\/wp-json\/wp\/v2\/users\/1"}],"replies":[{"embeddable":true,"href":"https:\/\/blogdoedvaldomagalhaes.com.br\/index.php\/wp-json\/wp\/v2\/comments?post=5714"}],"version-history":[{"count":1,"href":"https:\/\/blogdoedvaldomagalhaes.com.br\/index.php\/wp-json\/wp\/v2\/posts\/5714\/revisions"}],"predecessor-version":[{"id":20655,"href":"https:\/\/blogdoedvaldomagalhaes.com.br\/index.php\/wp-json\/wp\/v2\/posts\/5714\/revisions\/20655"}],"wp:attachment":[{"href":"https:\/\/blogdoedvaldomagalhaes.com.br\/index.php\/wp-json\/wp\/v2\/media?parent=5714"}],"wp:term":[{"taxonomy":"category","embeddable":true,"href":"https:\/\/blogdoedvaldomagalhaes.com.br\/index.php\/wp-json\/wp\/v2\/categories?post=5714"},{"taxonomy":"post_tag","embeddable":true,"href":"https:\/\/blogdoedvaldomagalhaes.com.br\/index.php\/wp-json\/wp\/v2\/tags?post=5714"}],"curies":[{"name":"wp","href":"https:\/\/api.w.org\/{rel}","templated":true}]}}