{"id":56974,"date":"2020-06-09T08:45:43","date_gmt":"2020-06-09T11:45:43","guid":{"rendered":"https:\/\/blogdoedvaldomagalhaes.com.br\/?p=56974"},"modified":"2020-06-09T08:45:50","modified_gmt":"2020-06-09T11:45:50","slug":"operacao-da-policia-desarticula-organizacao-criminosa-em-caruaru-palmares-catende-maraial-e-sao-benedito-do-sul","status":"publish","type":"post","link":"https:\/\/blogdoedvaldomagalhaes.com.br\/index.php\/2020\/06\/09\/operacao-da-policia-desarticula-organizacao-criminosa-em-caruaru-palmares-catende-maraial-e-sao-benedito-do-sul\/","title":{"rendered":"Opera\u00e7\u00e3o da pol\u00edcia desarticula organiza\u00e7\u00e3o criminosa em Caruaru, Palmares, Catende, Maraial e S\u00e3o Benedito do Sul"},"content":{"rendered":"<p style=\"text-align: justify;\">A Pol\u00edcia Civil deflagrou, na manh\u00e3 desta ter\u00e7a-feira (09), uma opera\u00e7\u00e3o nas cidades de Palmares, Catende, Maraial, S\u00e3o Benedito do Sul e Caruaru. A a\u00e7\u00e3o, denominada de \u201cMaquinista II\u201d, visa desarticular integrantes de uma organiza\u00e7\u00e3o criminosa voltada para a pr\u00e1tica de homic\u00eddio, tr\u00e1fico de drogas, associa\u00e7\u00e3o para o tr\u00e1fico, crimes contra a economia popular e organiza\u00e7\u00e3o criminosa.<\/p>\n<p style=\"text-align: justify;\">As investiga\u00e7\u00f5es come\u00e7aram no m\u00eas de junho de 2019, coordenadas pela DINTER1 e supervisionada pela Chefia de Pol\u00edcia. Est\u00e3o sendo cumpridos 13 mandados de pris\u00e3o e 15 mandados de busca e apreens\u00e3o domiciliar, expedidos pela Comarca Criminal de Palmares.<\/p>\n<p style=\"text-align: justify;\">Participam da opera\u00e7\u00e3o mais de 100 policiais civis, entre delegados, agentes e escriv\u00e3es, com a participa\u00e7\u00e3o de 16 equipes da Pol\u00edcia Militar. Os detalhes ser\u00e3o divulgados em breve pelo setor de comunica\u00e7\u00e3o da Pol\u00edcia Civil.<\/p>\n","protected":false},"excerpt":{"rendered":"<p>A Pol\u00edcia Civil deflagrou, na manh\u00e3 desta ter\u00e7a-feira (09), uma opera\u00e7\u00e3o nas cidades de Palmares, Catende, Maraial, S\u00e3o Benedito do&hellip;<\/p>\n","protected":false},"author":1,"featured_media":56975,"comment_status":"open","ping_status":"open","sticky":false,"template":"","format":"standard","meta":{"footnotes":""},"categories":[14121],"tags":[16881,4225,18470,18468,5381,3119],"class_list":["post-56974","post","type-post","status-publish","format-standard","has-post-thumbnail","hentry","category-policial","tag-caruaru-e-regiao","tag-catende","tag-maraial-e-sao-benedito-do-sul","tag-operacao-da-policia-desarticula-organizacao-criminosa-em-caruaru","tag-palmares","tag-policia-civil"],"_links":{"self":[{"href":"https:\/\/blogdoedvaldomagalhaes.com.br\/index.php\/wp-json\/wp\/v2\/posts\/56974","targetHints":{"allow":["GET"]}}],"collection":[{"href":"https:\/\/blogdoedvaldomagalhaes.com.br\/index.php\/wp-json\/wp\/v2\/posts"}],"about":[{"href":"https:\/\/blogdoedvaldomagalhaes.com.br\/index.php\/wp-json\/wp\/v2\/types\/post"}],"author":[{"embeddable":true,"href":"https:\/\/blogdoedvaldomagalhaes.com.br\/index.php\/wp-json\/wp\/v2\/users\/1"}],"replies":[{"embeddable":true,"href":"https:\/\/blogdoedvaldomagalhaes.com.br\/index.php\/wp-json\/wp\/v2\/comments?post=56974"}],"version-history":[{"count":1,"href":"https:\/\/blogdoedvaldomagalhaes.com.br\/index.php\/wp-json\/wp\/v2\/posts\/56974\/revisions"}],"predecessor-version":[{"id":56976,"href":"https:\/\/blogdoedvaldomagalhaes.com.br\/index.php\/wp-json\/wp\/v2\/posts\/56974\/revisions\/56976"}],"wp:featuredmedia":[{"embeddable":true,"href":"https:\/\/blogdoedvaldomagalhaes.com.br\/index.php\/wp-json\/wp\/v2\/media\/56975"}],"wp:attachment":[{"href":"https:\/\/blogdoedvaldomagalhaes.com.br\/index.php\/wp-json\/wp\/v2\/media?parent=56974"}],"wp:term":[{"taxonomy":"category","embeddable":true,"href":"https:\/\/blogdoedvaldomagalhaes.com.br\/index.php\/wp-json\/wp\/v2\/categories?post=56974"},{"taxonomy":"post_tag","embeddable":true,"href":"https:\/\/blogdoedvaldomagalhaes.com.br\/index.php\/wp-json\/wp\/v2\/tags?post=56974"}],"curies":[{"name":"wp","href":"https:\/\/api.w.org\/{rel}","templated":true}]}}