{"id":56967,"date":"2020-06-08T23:23:04","date_gmt":"2020-06-09T02:23:04","guid":{"rendered":"https:\/\/blogdoedvaldomagalhaes.com.br\/?p=56967"},"modified":"2020-06-09T11:25:33","modified_gmt":"2020-06-09T14:25:33","slug":"morre-a-pediatra-clarice-gomes","status":"publish","type":"post","link":"https:\/\/blogdoedvaldomagalhaes.com.br\/index.php\/2020\/06\/08\/morre-a-pediatra-clarice-gomes\/","title":{"rendered":"Morre a pediatra Clarice Gomes"},"content":{"rendered":"<p>Nota de pesar do Cremepe<\/p>\n<p style=\"text-align: justify;\">Com imensa tristeza, o Cremepe lamenta o falecimento da primeira m\u00e9dica pediatra de Caruaru, Dra Clarice Pinto de Melo Gomes, nesta segunda-feira (08\/06).<\/p>\n<p style=\"text-align: justify;\">Formada em medicina pela Universidade Federal de Pernambuco, na turma de 1968, era conhecida na regi\u00e3o por ser uma das primeiras profissionais a atuar em pediatria, sempre foi conhecida por ser batalhadora \u201cjunto ao poder p\u00fablico e na sociedade pelas melhorias dos servi\u00e7os. Ela deixar\u00e1 saudades pelo seu exemplo de Ser Humano Especial\u201d, expressam os colegas.<\/p>\n<p style=\"text-align: justify;\">Dra. Clarice atuou na pediatria do Hospital Jesus Nazareno (Fusam), Regional do Agreste e foi uma das primeiras na pediatria e neonatologia da Casa de Sa\u00fade Bom Jesus. Por sua trajet\u00f3ria, a prefeitura de Caruaru deu seu nome em uma das creches da cidade. Ela deixa marido e dois filhos. O Cremepe expressa solidariedade, neste momento de dor, aos amigos e familiares.<\/p>\n<p style=\"text-align: justify;\">De acordo com informa\u00e7\u00f5es a causa foi Caquexia neoplasia, Met\u00e1stase abdominais, C\u00e2ncer de \u00fatero , Hipertens\u00e3o arterial e Doen\u00e7a&nbsp;de Alzheimer<\/p>\n<p style=\"text-align: justify;\">O vel\u00f3rio est\u00e1 sendo realizado sala 02 do Cemit\u00e9rio Parque dos Arcos, o sepultamento acontece \u00e1s 9h da manh\u00e3 desta ter\u00e7a-feira (09), no Parque dos Arcos.&nbsp;<\/p>\n\n\n<figure class=\"wp-block-image size-large\"><img loading=\"lazy\" decoding=\"async\" width=\"1024\" height=\"1024\" src=\"https:\/\/blogdoedvaldomagalhaes.com.br\/wp-content\/uploads\/2020\/06\/FB_IMG_1591669919006-1024x1024.jpg\" alt=\"\" class=\"wp-image-56971\" srcset=\"https:\/\/blogdoedvaldomagalhaes.com.br\/wp-content\/uploads\/2020\/06\/FB_IMG_1591669919006-1024x1024.jpg 1024w, https:\/\/blogdoedvaldomagalhaes.com.br\/wp-content\/uploads\/2020\/06\/FB_IMG_1591669919006-300x300.jpg 300w, https:\/\/blogdoedvaldomagalhaes.com.br\/wp-content\/uploads\/2020\/06\/FB_IMG_1591669919006-150x150.jpg 150w, https:\/\/blogdoedvaldomagalhaes.com.br\/wp-content\/uploads\/2020\/06\/FB_IMG_1591669919006-768x768.jpg 768w, https:\/\/blogdoedvaldomagalhaes.com.br\/wp-content\/uploads\/2020\/06\/FB_IMG_1591669919006.jpg 1080w\" sizes=\"auto, (max-width: 1024px) 100vw, 1024px\" \/><\/figure>\n\n\n<p style=\"text-align: justify;\">Nota de pesar pelo falecimento da m\u00e9dica Clarice Gomes<\/p>\n<p style=\"text-align: justify;\">\u201cA pediatra Clarice Gomes teve a nobre miss\u00e3o de servir. Dedicou sua vida a cuidar de milhares de crian\u00e7as e levar conforto para pais e m\u00e3es. Voluntariamente, a convite de Carminha, atuou na primeira creche de nossa gest\u00e3o e fez a diferen\u00e7a na vida de muita gente. Em retribui\u00e7\u00e3o \u00e0 sua dedica\u00e7\u00e3o, uma das creches de nossa cidade tem o nome Tia Clarice, a pediatra que ficar\u00e1 eternizada na lembran\u00e7a de todos n\u00f3s, caruaruenses. Meus sentimentos a toda a fam\u00edlia\u201d. <br \/>Jos\u00e9 Queiroz, deputado estadual<\/p>","protected":false},"excerpt":{"rendered":"<p>Nota de pesar do Cremepe Com imensa tristeza, o Cremepe lamenta o falecimento da primeira m\u00e9dica pediatra de Caruaru, Dra&hellip;<\/p>\n","protected":false},"author":1,"featured_media":56968,"comment_status":"open","ping_status":"open","sticky":false,"template":"","format":"standard","meta":{"footnotes":""},"categories":[14120],"tags":[2,16881,18467],"class_list":["post-56967","post","type-post","status-publish","format-standard","has-post-thumbnail","hentry","category-noticias","tag-blog-do-edvaldo-magalhaes","tag-caruaru-e-regiao","tag-morre-a-pediatra-clarice-gomes"],"_links":{"self":[{"href":"https:\/\/blogdoedvaldomagalhaes.com.br\/index.php\/wp-json\/wp\/v2\/posts\/56967","targetHints":{"allow":["GET"]}}],"collection":[{"href":"https:\/\/blogdoedvaldomagalhaes.com.br\/index.php\/wp-json\/wp\/v2\/posts"}],"about":[{"href":"https:\/\/blogdoedvaldomagalhaes.com.br\/index.php\/wp-json\/wp\/v2\/types\/post"}],"author":[{"embeddable":true,"href":"https:\/\/blogdoedvaldomagalhaes.com.br\/index.php\/wp-json\/wp\/v2\/users\/1"}],"replies":[{"embeddable":true,"href":"https:\/\/blogdoedvaldomagalhaes.com.br\/index.php\/wp-json\/wp\/v2\/comments?post=56967"}],"version-history":[{"count":5,"href":"https:\/\/blogdoedvaldomagalhaes.com.br\/index.php\/wp-json\/wp\/v2\/posts\/56967\/revisions"}],"predecessor-version":[{"id":56978,"href":"https:\/\/blogdoedvaldomagalhaes.com.br\/index.php\/wp-json\/wp\/v2\/posts\/56967\/revisions\/56978"}],"wp:featuredmedia":[{"embeddable":true,"href":"https:\/\/blogdoedvaldomagalhaes.com.br\/index.php\/wp-json\/wp\/v2\/media\/56968"}],"wp:attachment":[{"href":"https:\/\/blogdoedvaldomagalhaes.com.br\/index.php\/wp-json\/wp\/v2\/media?parent=56967"}],"wp:term":[{"taxonomy":"category","embeddable":true,"href":"https:\/\/blogdoedvaldomagalhaes.com.br\/index.php\/wp-json\/wp\/v2\/categories?post=56967"},{"taxonomy":"post_tag","embeddable":true,"href":"https:\/\/blogdoedvaldomagalhaes.com.br\/index.php\/wp-json\/wp\/v2\/tags?post=56967"}],"curies":[{"name":"wp","href":"https:\/\/api.w.org\/{rel}","templated":true}]}}