{"id":56932,"date":"2020-06-08T13:45:04","date_gmt":"2020-06-08T16:45:04","guid":{"rendered":"https:\/\/blogdoedvaldomagalhaes.com.br\/?p=56932"},"modified":"2020-06-08T13:45:12","modified_gmt":"2020-06-08T16:45:12","slug":"vice-prefeito-de-brejo-da-madre-de-deus-assume-interinamente-o-municipio","status":"publish","type":"post","link":"https:\/\/blogdoedvaldomagalhaes.com.br\/index.php\/2020\/06\/08\/vice-prefeito-de-brejo-da-madre-de-deus-assume-interinamente-o-municipio\/","title":{"rendered":"Vice-prefeito de Brejo da Madre de Deus assume interinamente o Munic\u00edpio"},"content":{"rendered":"<p style=\"text-align: justify;\"><span style=\"font-size: inherit;\">O vice-prefeito de Brejo da Madre de Deus, Josevaldo Lopes (Republicanos), assumiu interinamente a Prefeitura do Munic\u00edpio, nesta segunda-feira (08), causa do afastamento do prefeito, Hil\u00e1rio Paulo, que que est\u00e1 internado no Hospital Unimed Caruaru, por causa da Covid-19.<\/span><\/p>\n<p style=\"text-align: justify;\">Josevaldo Lopes escreveu nas suas redes sociais: &#8220;\u00c9 em momentos dif\u00edceis que precisamos demostrar que podemos contribuir para que tudo se mantenha sob controle. Estamos\u00a0vivendo dias dif\u00edceis e tristes, mas, cheios de muita esperan\u00e7a.<br \/>\nHoje, como vice-prefeito deste munic\u00edpio, assumo interinamente a dire\u00e7\u00e3o da administra\u00e7\u00e3o p\u00fablica, para manter a ordem e cumprir o papel ao qual fui eleito.<br \/>\nEstarei agindo dentro da lei, procurando fazer o melhor pelos mun\u00edcipes e visando combater todas as dificuldades existentes, principalmente as causadas pelo Coronavirus. Conto com apoio de todos, para que juntos possamos vencer todos os obst\u00e1culos. Pe\u00e7o mais uma vez, que Deus em sua infinita miseric\u00f3rdia restabele\u00e7a a sa\u00fade do Prefeito Hil\u00e1rio&#8221; concluiu Josevaldo Lopes.<\/p>\n","protected":false},"excerpt":{"rendered":"<p>O vice-prefeito de Brejo da Madre de Deus, Josevaldo Lopes (Republicanos), assumiu interinamente a Prefeitura do Munic\u00edpio, nesta segunda-feira (08),&hellip;<\/p>\n","protected":false},"author":1,"featured_media":56933,"comment_status":"open","ping_status":"open","sticky":false,"template":"","format":"standard","meta":{"footnotes":""},"categories":[14122],"tags":[546,2,12272],"class_list":["post-56932","post","type-post","status-publish","format-standard","has-post-thumbnail","hentry","category-politica","tag-agreste-de-pernambuco","tag-blog-do-edvaldo-magalhaes","tag-josevaldo-lopes"],"_links":{"self":[{"href":"https:\/\/blogdoedvaldomagalhaes.com.br\/index.php\/wp-json\/wp\/v2\/posts\/56932","targetHints":{"allow":["GET"]}}],"collection":[{"href":"https:\/\/blogdoedvaldomagalhaes.com.br\/index.php\/wp-json\/wp\/v2\/posts"}],"about":[{"href":"https:\/\/blogdoedvaldomagalhaes.com.br\/index.php\/wp-json\/wp\/v2\/types\/post"}],"author":[{"embeddable":true,"href":"https:\/\/blogdoedvaldomagalhaes.com.br\/index.php\/wp-json\/wp\/v2\/users\/1"}],"replies":[{"embeddable":true,"href":"https:\/\/blogdoedvaldomagalhaes.com.br\/index.php\/wp-json\/wp\/v2\/comments?post=56932"}],"version-history":[{"count":1,"href":"https:\/\/blogdoedvaldomagalhaes.com.br\/index.php\/wp-json\/wp\/v2\/posts\/56932\/revisions"}],"predecessor-version":[{"id":56934,"href":"https:\/\/blogdoedvaldomagalhaes.com.br\/index.php\/wp-json\/wp\/v2\/posts\/56932\/revisions\/56934"}],"wp:featuredmedia":[{"embeddable":true,"href":"https:\/\/blogdoedvaldomagalhaes.com.br\/index.php\/wp-json\/wp\/v2\/media\/56933"}],"wp:attachment":[{"href":"https:\/\/blogdoedvaldomagalhaes.com.br\/index.php\/wp-json\/wp\/v2\/media?parent=56932"}],"wp:term":[{"taxonomy":"category","embeddable":true,"href":"https:\/\/blogdoedvaldomagalhaes.com.br\/index.php\/wp-json\/wp\/v2\/categories?post=56932"},{"taxonomy":"post_tag","embeddable":true,"href":"https:\/\/blogdoedvaldomagalhaes.com.br\/index.php\/wp-json\/wp\/v2\/tags?post=56932"}],"curies":[{"name":"wp","href":"https:\/\/api.w.org\/{rel}","templated":true}]}}