{"id":5681,"date":"2017-06-13T17:39:00","date_gmt":"2017-06-13T20:39:00","guid":{"rendered":"http:\/\/blogdoedvaldomagalhaes.com.br\/index.php\/2017\/06\/13\/maior-dobradinha-do-mundo-servida-e\/"},"modified":"2019-02-09T01:30:57","modified_gmt":"2019-02-09T03:30:57","slug":"maior-dobradinha-do-mundo-servida-e","status":"publish","type":"post","link":"https:\/\/blogdoedvaldomagalhaes.com.br\/index.php\/2017\/06\/13\/maior-dobradinha-do-mundo-servida-e\/","title":{"rendered":"Maior Dobradinha do Mundo servida em panela de barro em Caruaru"},"content":{"rendered":"<div class=\"separator\" style=\"clear: both; text-align: center;\">\n<a href=\"https:\/\/1.bp.blogspot.com\/-m2EYHigdRt8\/WUAhp1URclI\/AAAAAAAAXTU\/C7D-2gcLCiE8QkwsjOtxUISjgwJbEhinwCLcB\/s1600\/dobradinha.jpg\" imageanchor=\"1\" style=\"margin-left: 1em; margin-right: 1em;\"><img loading=\"lazy\" decoding=\"async\" border=\"0\" data-original-height=\"960\" data-original-width=\"674\" height=\"400\" src=\"http:\/\/blogdoedvaldomagalhaes.com.br\/wp-content\/uploads\/2017\/06\/dobradinha.jpg\" width=\"280\" \/><\/a><\/div>\n<p><\/p>\n<div style=\"text-align: justify;\">\nA 6\u00aa festa da Maior Dobradinha do Mundo, servida em panela de barro, ser\u00e1 realizada na pr\u00f3xima quinta-feira (15), na rua Francisco Amorim de Souza, no bairro Indian\u00f3polis, em Caruaru, a partir das 20h. As atra\u00e7\u00f5es musicais s\u00e3o Rubinho Show e Carlla Moura, Trio Raio de Sol, Forr\u00f3 da Dobradinha, Quadrilha Junina, Trio P\u00e9 de Serra, Bacamarteiros e Banda de P\u00edfanos. Canecas da Dobradinha est\u00e3o sendo comercializadas (foto abaixo).<\/div>\n<div style=\"text-align: justify;\">\n<\/div>\n<div class=\"separator\" style=\"clear: both; text-align: center;\">\n<a href=\"https:\/\/4.bp.blogspot.com\/-4vinXD8XUUY\/WUAhqj_Fs2I\/AAAAAAAAXTY\/pYnIFqtkzK07ndDngg_-ofgMccUo_N7uQCLcB\/s1600\/dobra.jpg\" imageanchor=\"1\" style=\"margin-left: 1em; margin-right: 1em;\"><img loading=\"lazy\" decoding=\"async\" border=\"0\" data-original-height=\"539\" data-original-width=\"960\" height=\"221\" src=\"http:\/\/blogdoedvaldomagalhaes.com.br\/wp-content\/uploads\/2017\/06\/dobra.jpg\" width=\"400\" \/><\/a><\/div>\n<p><\/p>\n<div class=\"separator\" style=\"clear: both; text-align: center;\">\n<a href=\"https:\/\/4.bp.blogspot.com\/-TE6zdignx0M\/WUAhrjCuePI\/AAAAAAAAXTc\/titEBulw5EsbAaD97BMsmdJwwaxJHYj1QCLcB\/s1600\/7-Sintracon.jpg\" imageanchor=\"1\" style=\"margin-left: 1em; margin-right: 1em;\"><img loading=\"lazy\" decoding=\"async\" border=\"0\" data-original-height=\"100\" data-original-width=\"570\" height=\"68\" src=\"http:\/\/blogdoedvaldomagalhaes.com.br\/wp-content\/uploads\/2017\/06\/7-Sintracon-2.jpg\" width=\"400\" \/><\/a><\/div>\n<p><\/p>\n","protected":false},"excerpt":{"rendered":"<p>A 6\u00aa festa da Maior Dobradinha do Mundo, servida em panela de barro, ser\u00e1 realizada na pr\u00f3xima quinta-feira (15), na&hellip;<\/p>\n","protected":false},"author":1,"featured_media":0,"comment_status":"open","ping_status":"open","sticky":false,"template":"","format":"standard","meta":{"footnotes":""},"categories":[1],"tags":[2,7630,7631,7632,7633,7634,6758,7635],"class_list":["post-5681","post","type-post","status-publish","format-standard","hentry","category-sem-categoria","tag-blog-do-edvaldo-magalhaes","tag-carlla-moura","tag-forro-da-dobradinha","tag-maior-dobradinha-do-mundo-servida-em-panela-de-barro-em-caruaru","tag-rua-francisco-amorim-de-souza","tag-rubinho-show","tag-sao-joao","tag-trio-raio-de-sol"],"_links":{"self":[{"href":"https:\/\/blogdoedvaldomagalhaes.com.br\/index.php\/wp-json\/wp\/v2\/posts\/5681","targetHints":{"allow":["GET"]}}],"collection":[{"href":"https:\/\/blogdoedvaldomagalhaes.com.br\/index.php\/wp-json\/wp\/v2\/posts"}],"about":[{"href":"https:\/\/blogdoedvaldomagalhaes.com.br\/index.php\/wp-json\/wp\/v2\/types\/post"}],"author":[{"embeddable":true,"href":"https:\/\/blogdoedvaldomagalhaes.com.br\/index.php\/wp-json\/wp\/v2\/users\/1"}],"replies":[{"embeddable":true,"href":"https:\/\/blogdoedvaldomagalhaes.com.br\/index.php\/wp-json\/wp\/v2\/comments?post=5681"}],"version-history":[{"count":1,"href":"https:\/\/blogdoedvaldomagalhaes.com.br\/index.php\/wp-json\/wp\/v2\/posts\/5681\/revisions"}],"predecessor-version":[{"id":20788,"href":"https:\/\/blogdoedvaldomagalhaes.com.br\/index.php\/wp-json\/wp\/v2\/posts\/5681\/revisions\/20788"}],"wp:attachment":[{"href":"https:\/\/blogdoedvaldomagalhaes.com.br\/index.php\/wp-json\/wp\/v2\/media?parent=5681"}],"wp:term":[{"taxonomy":"category","embeddable":true,"href":"https:\/\/blogdoedvaldomagalhaes.com.br\/index.php\/wp-json\/wp\/v2\/categories?post=5681"},{"taxonomy":"post_tag","embeddable":true,"href":"https:\/\/blogdoedvaldomagalhaes.com.br\/index.php\/wp-json\/wp\/v2\/tags?post=5681"}],"curies":[{"name":"wp","href":"https:\/\/api.w.org\/{rel}","templated":true}]}}