{"id":5657,"date":"2017-06-16T11:01:00","date_gmt":"2017-06-16T14:01:00","guid":{"rendered":"http:\/\/blogdoedvaldomagalhaes.com.br\/index.php\/2017\/06\/16\/confira-as-atracoes-do-segundo-fim-de\/"},"modified":"2019-02-09T01:31:19","modified_gmt":"2019-02-09T03:31:19","slug":"confira-as-atracoes-do-segundo-fim-de","status":"publish","type":"post","link":"https:\/\/blogdoedvaldomagalhaes.com.br\/index.php\/2017\/06\/16\/confira-as-atracoes-do-segundo-fim-de\/","title":{"rendered":"Confira as atra\u00e7\u00f5es do segundo fim de semana do S\u00e3o Jo\u00e3o de Riacho das Almas"},"content":{"rendered":"<div class=\"separator\" style=\"clear: both; text-align: center;\">\n<a href=\"https:\/\/4.bp.blogspot.com\/-j1zt6xUOVHo\/WUO6kaeHMGI\/AAAAAAAAXck\/tz-KylJ-hfMjGvc9vb6bo01-XZ2IyxRFwCLcBGAs\/s1600\/festa.png\" imageanchor=\"1\" style=\"margin-left: 1em; margin-right: 1em;\"><img loading=\"lazy\" decoding=\"async\" border=\"0\" data-original-height=\"245\" data-original-width=\"384\" height=\"255\" src=\"http:\/\/blogdoedvaldomagalhaes.com.br\/wp-content\/uploads\/2017\/06\/festa.png\" width=\"400\" \/><\/a><\/div>\n<div class=\"MsoNormal\" style=\"text-align: justify;\">\n<\/div>\n<div class=\"MsoNormal\" style=\"text-align: justify;\">\nNeste fim de semana, vai ter<br \/>\nmuito arrasta-p\u00e9 em Riacho das Almas nas comemora\u00e7\u00f5es juninas do munic\u00edpio.<\/div>\n<div class=\"MsoNormal\" style=\"text-align: justify;\">\n<\/div>\n<div class=\"MsoNormal\" style=\"text-align: justify;\">\nNo s\u00e1bado (17), a festa ser\u00e1<br \/>\nrealizada na Vila de Couro D\u2019Antas. A partir das 21h ser\u00e3o realizados em pra\u00e7a<br \/>\np\u00fablica shows com as bandas Shema \u00e9 Massa e Forroz\u00e3o Top 100.<\/div>\n<div class=\"MsoNormal\" style=\"text-align: justify;\">\n<\/div>\n<p><\/p>\n<div class=\"MsoNormal\" style=\"text-align: justify;\">\nJ\u00e1 no domingo (18), ser\u00e1<br \/>\nrealizada a tradicional Caminhada do Forr\u00f3 na Vila do Rangel. A concentra\u00e7\u00e3o<br \/>\ncome\u00e7a \u00e0s 9h da manh\u00e3 no centro de Riacho das Almas. A anima\u00e7\u00e3o do trio<br \/>\nel\u00e9trico ficar\u00e1 por conta da banda Rei do Canga\u00e7o. J\u00e1 no palco montado na pra\u00e7a<br \/>\nda Vila do Rangel, devem se apresentar as bandas Calango Aceso e Forr\u00f3 Quent\u00e3o.<\/p>\n<div class=\"separator\" style=\"clear: both; text-align: center;\">\n<a href=\"http:\/\/blogdoedvaldomagalhaes.com.br\/wp-content\/uploads\/2017\/06\/10-Governo-14.jpg\" imageanchor=\"1\" style=\"clear: left; float: left; margin-bottom: 1em; margin-right: 1em;\"><img decoding=\"async\" border=\"0\" data-original-height=\"100\" data-original-width=\"570\" src=\"http:\/\/blogdoedvaldomagalhaes.com.br\/wp-content\/uploads\/2017\/06\/10-Governo-14.jpg\" \/><\/a><\/div>\n<p><\/div>\n","protected":false},"excerpt":{"rendered":"<p>Neste fim de semana, vai ter muito arrasta-p\u00e9 em Riacho das Almas nas comemora\u00e7\u00f5es juninas do munic\u00edpio. No s\u00e1bado (17),&hellip;<\/p>\n","protected":false},"author":1,"featured_media":0,"comment_status":"open","ping_status":"open","sticky":false,"template":"","format":"standard","meta":{"footnotes":""},"categories":[1],"tags":[7594,7595,2,4159,7596,6758,7597],"class_list":["post-5657","post","type-post","status-publish","format-standard","hentry","category-sem-categoria","tag-banda-forrozao-top-100","tag-banda-shema-e-massa","tag-blog-do-edvaldo-magalhaes","tag-calango-aceso","tag-confira-as-atracoes-do-segundo-fim-de-semana-do-sao-joao-de-riacho-das-almas","tag-sao-joao","tag-vila-de-couro-dantas"],"_links":{"self":[{"href":"https:\/\/blogdoedvaldomagalhaes.com.br\/index.php\/wp-json\/wp\/v2\/posts\/5657","targetHints":{"allow":["GET"]}}],"collection":[{"href":"https:\/\/blogdoedvaldomagalhaes.com.br\/index.php\/wp-json\/wp\/v2\/posts"}],"about":[{"href":"https:\/\/blogdoedvaldomagalhaes.com.br\/index.php\/wp-json\/wp\/v2\/types\/post"}],"author":[{"embeddable":true,"href":"https:\/\/blogdoedvaldomagalhaes.com.br\/index.php\/wp-json\/wp\/v2\/users\/1"}],"replies":[{"embeddable":true,"href":"https:\/\/blogdoedvaldomagalhaes.com.br\/index.php\/wp-json\/wp\/v2\/comments?post=5657"}],"version-history":[{"count":1,"href":"https:\/\/blogdoedvaldomagalhaes.com.br\/index.php\/wp-json\/wp\/v2\/posts\/5657\/revisions"}],"predecessor-version":[{"id":20872,"href":"https:\/\/blogdoedvaldomagalhaes.com.br\/index.php\/wp-json\/wp\/v2\/posts\/5657\/revisions\/20872"}],"wp:attachment":[{"href":"https:\/\/blogdoedvaldomagalhaes.com.br\/index.php\/wp-json\/wp\/v2\/media?parent=5657"}],"wp:term":[{"taxonomy":"category","embeddable":true,"href":"https:\/\/blogdoedvaldomagalhaes.com.br\/index.php\/wp-json\/wp\/v2\/categories?post=5657"},{"taxonomy":"post_tag","embeddable":true,"href":"https:\/\/blogdoedvaldomagalhaes.com.br\/index.php\/wp-json\/wp\/v2\/tags?post=5657"}],"curies":[{"name":"wp","href":"https:\/\/api.w.org\/{rel}","templated":true}]}}