{"id":5651,"date":"2017-06-16T12:19:00","date_gmt":"2017-06-16T15:19:00","guid":{"rendered":"http:\/\/blogdoedvaldomagalhaes.com.br\/index.php\/2017\/06\/16\/atracoes-e-horarios-dos-shows-do-sao_16\/"},"modified":"2019-02-09T01:31:21","modified_gmt":"2019-02-09T03:31:21","slug":"atracoes-e-horarios-dos-shows-do-sao_16","status":"publish","type":"post","link":"https:\/\/blogdoedvaldomagalhaes.com.br\/index.php\/2017\/06\/16\/atracoes-e-horarios-dos-shows-do-sao_16\/","title":{"rendered":"Atra\u00e7\u00f5es e hor\u00e1rios dos shows do S\u00e3o Jo\u00e3o nesta sexta (16)"},"content":{"rendered":"<div class=\"separator\" style=\"clear: both; text-align: center;\">\n<a href=\"https:\/\/1.bp.blogspot.com\/-xpZbHiXbmmg\/WUPMgDgqt1I\/AAAAAAAAXeE\/-4_i-h_Judg7bue14po1XAlvrTnGtbm1ACLcBGAs\/s1600\/patio.jpg\" imageanchor=\"1\" style=\"margin-left: 1em; margin-right: 1em;\"><img loading=\"lazy\" decoding=\"async\" border=\"0\" data-original-height=\"675\" data-original-width=\"960\" height=\"281\" src=\"http:\/\/blogdoedvaldomagalhaes.com.br\/wp-content\/uploads\/2017\/06\/patio.jpg\" width=\"400\" \/><\/a><\/div>\n<div class=\"separator\" style=\"clear: both; text-align: center;\">\nFoto: Vladimir Barreto<\/div>\n<div class=\"MsoNormal\" style=\"text-align: justify;\">\n<\/div>\n<div class=\"MsoNormal\" style=\"text-align: justify;\">\nEm sua segunda semana de<br \/>\napresenta\u00e7\u00f5es, o polo itinerante aporta o seu caminh\u00e3o-palco, nesta sexta-feira<br \/>\n(15), no bairro das Rendeiras com apresenta\u00e7\u00f5es do Trio Carrapicho, Renilda<br \/>\nCardoso e Maciel Melo, que far\u00e1 esta \u00fanica apresenta\u00e7\u00e3o em Caruaru, este<br \/>\nano.<\/div>\n<div class=\"MsoNormal\" style=\"text-align: justify;\">\n<\/div>\n<div class=\"MsoNormal\" style=\"text-align: justify;\">\nAinda na sexta, o Polo<br \/>\nAzul\u00e3o, localizado na rua Armando da Fonte, recebe, a partir das 20h, os<br \/>\ncaruaruenses do Hey John e Tony Maciel, seguidos pelas bandas Casa Prima, Banda<br \/>\nde Rodagem e Ros\u00e1rio Apressado.&nbsp;<\/div>\n<div class=\"MsoNormal\" style=\"text-align: justify;\">\n<\/div>\n<div class=\"MsoNormal\" style=\"text-align: justify;\">\nJ\u00e1 a comunidade de Terra<br \/>\nVermelha receber\u00e1 o palco itinerante do S\u00e3o Jo\u00e3o na Ro\u00e7a, com apresenta\u00e7\u00f5es de<br \/>\nJo\u00e3o Louren\u00e7o e Hip\u00f3lito Moura , Forr\u00f3 de Rabeca Brasil, Biliu de Campina e<br \/>\nSilv\u00e9rio Pessoa. Os shows tem in\u00edcio \u00e0s 20h e as pessoas interessadas em<br \/>\nacompanhar a apresenta\u00e7\u00e3o na Zona Rural podem utilizar o Expresso do Forr\u00f3, que<br \/>\nsegue do Caruaru Shopping aos distritos rurais onde a festa \u00e9 realizada. O<br \/>\ntransporte, fruto de uma parceria entre a Destra e a empresa de \u00f4nibus<br \/>\nColetivo, \u00e9 climatizado e todo decorado, conta com motorista e cobrador<br \/>\ndevidamente caracterizados e tem muito forr\u00f3 e comidas t\u00edpicas. O valor da<br \/>\npassagem para ida e volta \u00e9 de R$ 9,00.<\/div>\n<div class=\"MsoNormal\" style=\"text-align: justify;\">\n<\/div>\n<div class=\"MsoNormal\" style=\"text-align: justify;\">\nSegue abaixo a programa\u00e7\u00e3o<br \/>\ndos polos descentralizados:<\/div>\n<div class=\"MsoNormal\" style=\"text-align: justify;\">\n<\/div>\n<div class=\"MsoNormal\" style=\"text-align: justify;\">\n<b>Polo Azul\u00e3o (rua Armando da Fonte)<\/b><\/div>\n<div class=\"MsoNormal\" style=\"text-align: justify;\">\n<\/div>\n<div class=\"MsoNormal\" style=\"text-align: justify;\">\n20h Banda Hey John<\/div>\n<div class=\"MsoNormal\" style=\"text-align: justify;\">\n<\/div>\n<div class=\"MsoNormal\" style=\"text-align: justify;\">\n21h10 Tony Maciel<\/div>\n<div class=\"MsoNormal\" style=\"text-align: justify;\">\n<\/div>\n<div class=\"MsoNormal\" style=\"text-align: justify;\">\n22h20 Casa Prima<\/div>\n<div class=\"MsoNormal\" style=\"text-align: justify;\">\n<\/div>\n<div class=\"MsoNormal\" style=\"text-align: justify;\">\n23h40 Banda de Rodagem<\/div>\n<div class=\"MsoNormal\" style=\"text-align: justify;\">\n<\/div>\n<div class=\"MsoNormal\" style=\"text-align: justify;\">\n1h Ros\u00e1rio Apressado<\/div>\n<div class=\"MsoNormal\" style=\"text-align: justify;\">\n<\/div>\n<div class=\"MsoNormal\" style=\"text-align: justify;\">\n<b>S\u00e3o Jo\u00e3o nas Ruas<br \/>\n(bairro Rendeiras)<\/b><\/div>\n<div class=\"MsoNormal\" style=\"text-align: justify;\">\n<\/div>\n<div class=\"MsoNormal\" style=\"text-align: justify;\">\n20h Trio Carrapicho<\/div>\n<div class=\"MsoNormal\" style=\"text-align: justify;\">\n<\/div>\n<div class=\"MsoNormal\" style=\"text-align: justify;\">\n21h Renilda Cardoso<\/div>\n<div class=\"MsoNormal\" style=\"text-align: justify;\">\n<\/div>\n<div class=\"MsoNormal\" style=\"text-align: justify;\">\n22h20 Maciel Melo<\/p>\n<p><\/p>\n<div class=\"xmsonormal\" style=\"background: white; margin: 0cm 0cm 18pt; vertical-align: baseline;\">\n<b>P\u00e1tio<br \/>\ndo Forr\u00f3 (Parque de Eventos Luiz Gonzaga)<\/b><\/div>\n<div class=\"xmsonormal\" style=\"background: white; margin: 0cm 0cm 18pt; outline: 0px; text-align: start; vertical-align: baseline;\">\n20h<br \/>\n\u2013 Assis\u00e3o<\/div>\n<div class=\"xmsonormal\" style=\"background: white; margin: 0cm 0cm 18pt; outline: 0px; text-align: start; vertical-align: baseline;\">\n21h20<br \/>\n\u2013 Adelm\u00e1rio Coelho<\/div>\n<div class=\"xmsonormal\" style=\"background: white; margin: 0cm 0cm 18pt; outline: 0px; text-align: start; vertical-align: baseline;\">\n22h40<br \/>\n\u2013 Geraldinho Lins<\/div>\n<div class=\"xmsonormal\" style=\"background: white; margin: 0cm 0cm 18pt; outline: 0px; text-align: start; vertical-align: baseline;\">\n&nbsp;00h<br \/>\n\u2013 Iohannes<\/div>\n<div class=\"xmsonormal\" style=\"background: white; margin: 0cm 0cm 18pt; outline: 0px; text-align: start; vertical-align: baseline;\">\n&nbsp;01h20<br \/>\n\u2013 Pedrinho Pega\u00e7\u00e3o<\/div>\n<div class=\"xmsonormal\" style=\"background: white; margin: 0cm 0cm 18pt; outline: 0px; text-align: start; vertical-align: baseline;\">\n<b>Polo Juarez Santiago (Esta\u00e7\u00e3o Ferrovi\u00e1ria)<\/b><\/div>\n<div class=\"xmsonormal\" style=\"background: white; margin: 0cm 0cm 18pt; outline: 0px; text-align: start; vertical-align: baseline;\">\n20h-<br \/>\nTrio Caf\u00e9 com Leite<\/div>\n<div class=\"xmsonormal\" style=\"background: white; margin: 0cm 0cm 18pt; outline: 0px; text-align: start; vertical-align: baseline;\">\n22h-<br \/>\nTrio Santa Rosa<\/div>\n<div class=\"xmsonormal\" style=\"background: white; margin: 0cm 0cm 18pt; outline: 0px; text-align: start; vertical-align: baseline;\">\n23h-<br \/>\nTrio Erivaldo Silva<\/div>\n<div class=\"xmsonormal\" style=\"background: white; margin: 0cm 0cm 18pt; outline: 0px; text-align: start; vertical-align: baseline;\">\n01h-<br \/>\nTrio Panorama<\/div>\n<div class=\"xmsonormal\" style=\"background: white; margin: 0cm 0cm 18pt; outline: 0px; text-align: start; vertical-align: baseline;\">\n<b>Polo do Repente (Esta\u00e7\u00e3o Ferrovi\u00e1ria)<\/b><\/div>\n<div class=\"xmsonormal\" style=\"background: white; margin: 0cm 0cm 18pt; outline: 0px; text-align: start; vertical-align: baseline;\">\n17h<br \/>\nRaulino Silva x Edvaldo Zuzu (repentistas)<\/div>\n<div class=\"xmsonormal\" style=\"background: white; margin: 0cm 0cm 18pt; outline: 0px; text-align: start; vertical-align: baseline;\">\n18h<br \/>\nJo\u00e3o Bosco Paj\u00e9u e J\u00e9nerson Alves (declamadores)<\/div>\n<div class=\"xmsonormal\" style=\"background: white; margin: 0cm 0cm 18pt; outline: 0px; text-align: start; vertical-align: baseline;\">\n<b>Polo Forr\u00f3 do Candeeiro (Parque de Eventos Luiz Gonzaga)<\/b><\/div>\n<div class=\"xmsonormal\" style=\"background: white; margin: 0cm 0cm 18pt; outline: 0px; text-align: start; vertical-align: baseline;\">\n20h<br \/>\nTrio Forr\u00f3 da Gota<\/div>\n<div class=\"xmsonormal\" style=\"background: white; margin: 0cm 0cm 18pt; outline: 0px; text-align: start; vertical-align: baseline;\">\n21h45<br \/>\nJ. J\u00fanior e o Trio Forr\u00f3 do Bom<\/div>\n<div class=\"xmsonormal\" style=\"background: white; margin: 0cm 0cm 18pt; outline: 0px; text-align: start; vertical-align: baseline;\">\n23h20<br \/>\nOs Clones do Forr\u00f3<\/div>\n<p><\/p>\n<div class=\"xmsonormal\" style=\"background: white; margin: 0cm 0cm 18pt; outline: 0px; text-align: start; vertical-align: baseline;\">\n01h<br \/>\nMarlene do Forr\u00f3<\/p>\n<div class=\"MsoNormal\">\nPolo das Quadrilhas (Esta\u00e7\u00e3o<br \/>\nFerrovi\u00e1ria)<\/div>\n<div class=\"MsoNormal\">\n<\/div>\n<div class=\"MsoNormal\">\n20h Grupo Afro Il\u00ea Dandara<\/div>\n<div class=\"MsoNormal\">\n<\/div>\n<div class=\"MsoNormal\">\n21h Grupo Express\u00e3o Popular<br \/>\nFlor e Barro<\/div>\n<div class=\"MsoNormal\">\n<\/div>\n<div class=\"MsoNormal\">\n22h Grupo Or\u00ed Cia. De Dan\u00e7a<\/div>\n<div class=\"MsoNormal\">\n<\/div>\n<div class=\"MsoNormal\">\n23h Quadrilha Tradicional<br \/>\nArrasta P\u00e9<\/div>\n<div class=\"MsoNormal\">\n<\/div>\n<div class=\"MsoNormal\">\n<b>Casa do Forr\u00f3 (Esta\u00e7\u00e3o<br \/>\nFerrovi\u00e1ria)<\/b><\/div>\n<div class=\"MsoNormal\">\n<\/div>\n<div class=\"MsoNormal\">\n18h Discotecagem de Forr\u00f3<br \/>\ncom Valdir Santos<\/div>\n<div class=\"MsoNormal\">\n<\/div>\n<p><\/p>\n<div class=\"MsoNormal\">\n21h Kiko Gomes<\/div>\n<\/div>\n<div class=\"separator\" style=\"clear: both; text-align: center;\">\n<a href=\"http:\/\/blogdoedvaldomagalhaes.com.br\/wp-content\/uploads\/2017\/06\/1-Prefeitura-20.jpg\" imageanchor=\"1\" style=\"clear: left; float: left; margin-bottom: 1em; margin-right: 1em;\"><img decoding=\"async\" border=\"0\" data-original-height=\"100\" data-original-width=\"570\" src=\"http:\/\/blogdoedvaldomagalhaes.com.br\/wp-content\/uploads\/2017\/06\/1-Prefeitura-20.jpg\" \/><\/a><\/div>\n<div class=\"xmsonormal\" style=\"background: white; margin: 0cm 0cm 18pt; outline: 0px; text-align: start; vertical-align: baseline;\">\n<\/div>\n<\/div>\n","protected":false},"excerpt":{"rendered":"<p>Foto: Vladimir Barreto Em sua segunda semana de apresenta\u00e7\u00f5es, o polo itinerante aporta o seu caminh\u00e3o-palco, nesta sexta-feira (15), no&hellip;<\/p>\n","protected":false},"author":1,"featured_media":0,"comment_status":"open","ping_status":"open","sticky":false,"template":"","format":"standard","meta":{"footnotes":""},"categories":[1],"tags":[7583,2,7584,6758,7585],"class_list":["post-5651","post","type-post","status-publish","format-standard","hentry","category-sem-categoria","tag-atracoes-e-horarios-dos-shows-do-sao-joao-nesta-sexta-16","tag-blog-do-edvaldo-magalhaes","tag-renilda-cardoso","tag-sao-joao","tag-tony-maciel"],"_links":{"self":[{"href":"https:\/\/blogdoedvaldomagalhaes.com.br\/index.php\/wp-json\/wp\/v2\/posts\/5651","targetHints":{"allow":["GET"]}}],"collection":[{"href":"https:\/\/blogdoedvaldomagalhaes.com.br\/index.php\/wp-json\/wp\/v2\/posts"}],"about":[{"href":"https:\/\/blogdoedvaldomagalhaes.com.br\/index.php\/wp-json\/wp\/v2\/types\/post"}],"author":[{"embeddable":true,"href":"https:\/\/blogdoedvaldomagalhaes.com.br\/index.php\/wp-json\/wp\/v2\/users\/1"}],"replies":[{"embeddable":true,"href":"https:\/\/blogdoedvaldomagalhaes.com.br\/index.php\/wp-json\/wp\/v2\/comments?post=5651"}],"version-history":[{"count":1,"href":"https:\/\/blogdoedvaldomagalhaes.com.br\/index.php\/wp-json\/wp\/v2\/posts\/5651\/revisions"}],"predecessor-version":[{"id":20896,"href":"https:\/\/blogdoedvaldomagalhaes.com.br\/index.php\/wp-json\/wp\/v2\/posts\/5651\/revisions\/20896"}],"wp:attachment":[{"href":"https:\/\/blogdoedvaldomagalhaes.com.br\/index.php\/wp-json\/wp\/v2\/media?parent=5651"}],"wp:term":[{"taxonomy":"category","embeddable":true,"href":"https:\/\/blogdoedvaldomagalhaes.com.br\/index.php\/wp-json\/wp\/v2\/categories?post=5651"},{"taxonomy":"post_tag","embeddable":true,"href":"https:\/\/blogdoedvaldomagalhaes.com.br\/index.php\/wp-json\/wp\/v2\/tags?post=5651"}],"curies":[{"name":"wp","href":"https:\/\/api.w.org\/{rel}","templated":true}]}}