{"id":5648,"date":"2017-06-16T17:58:00","date_gmt":"2017-06-16T20:58:00","guid":{"rendered":"http:\/\/blogdoedvaldomagalhaes.com.br\/index.php\/2017\/06\/16\/sao-joao-de-caruaru-abre-pavilhao-para\/"},"modified":"2019-02-09T01:31:22","modified_gmt":"2019-02-09T03:31:22","slug":"sao-joao-de-caruaru-abre-pavilhao-para","status":"publish","type":"post","link":"https:\/\/blogdoedvaldomagalhaes.com.br\/index.php\/2017\/06\/16\/sao-joao-de-caruaru-abre-pavilhao-para\/","title":{"rendered":"S\u00e3o Jo\u00e3o de Caruaru abre pavilh\u00e3o para artesanato e empreendedorismo"},"content":{"rendered":"<div class=\"separator\" style=\"clear: both; text-align: center;\">\n<a href=\"https:\/\/4.bp.blogspot.com\/-F8WI56Aq1ZU\/WUQbyWPu6TI\/AAAAAAAAXfM\/kc1uCOI6i6oYYIora_-ygsSL3lFtAp-HgCLcBGAs\/s1600\/s%25C3%25A3o%2Bjo%25C3%25A3o.jpg\" imageanchor=\"1\" style=\"margin-left: 1em; margin-right: 1em;\"><img loading=\"lazy\" decoding=\"async\" border=\"0\" data-original-height=\"427\" data-original-width=\"640\" height=\"266\" src=\"http:\/\/blogdoedvaldomagalhaes.com.br\/wp-content\/uploads\/2017\/06\/sC3A3ojoC3A3o.jpg\" width=\"400\" \/><\/a><\/div>\n<div class=\"MsoNormal\" style=\"text-align: justify;\">\n<\/div>\n<div class=\"MsoNormal\" style=\"text-align: justify;\">\nO S\u00e3o Jo\u00e3o de Caruaru est\u00e1<br \/>\nabrindo espa\u00e7o, tamb\u00e9m, para quem deseja expor artesanatos e comercializar<br \/>\nprodutos, al\u00e9m de novas empresas que est\u00e3o come\u00e7ando no mercado. Um pavilh\u00e3o de<br \/>\nartes foi montado na Esta\u00e7\u00e3o Ferrovi\u00e1ria com 45 barracas, que exp\u00f5em diversos<br \/>\nprodutos artesanais e industrializados, al\u00e9m de guloseimas.<\/div>\n<div class=\"MsoNormal\" style=\"text-align: justify;\">\n<\/div>\n<div class=\"MsoNormal\" style=\"text-align: justify;\">\nDezenove dessas barracas s\u00e3o<br \/>\nocupadas pela Feira de Economia Criativa, que re\u00fane diversas marcas de empresas<br \/>\nque est\u00e3o come\u00e7ando no mercado, em setores como vestu\u00e1rio, decora\u00e7\u00e3o,<br \/>\ngastronomia e papelaria. A feira re\u00fane empreendedores de Caruaru e de cidades<br \/>\nda regi\u00e3o, e funciona das 18h \u00e0 0h, nos mesmos dias de festa no Parque de<br \/>\nEventos Luiz Gonzaga.<\/div>\n<div class=\"MsoNormal\" style=\"text-align: justify;\">\n<\/div>\n<div class=\"MsoNormal\" style=\"text-align: justify;\">\nFeira de Artesanato \u2013 S\u00e3o 18<br \/>\nbarracas que re\u00fanem pe\u00e7as feitas por diversos artes\u00e3os. No local, est\u00e3o expostos bolsas, rendas, chap\u00e9us, sand\u00e1lias, bonecas e<br \/>\npe\u00e7as de barro, couro e em madeira. A feira funciona de quinta-feira a domingo,<br \/>\ndas 18h \u00e0s 0h.<\/div>\n<div class=\"MsoNormal\" style=\"text-align: justify;\">\n<\/div>\n<div class=\"MsoNormal\" style=\"text-align: justify;\">\nFeira da Mulher<br \/>\nEmpreendedora \u2013 Cinco barracas est\u00e3o expondo produtos de mulheres que ganharam<br \/>\no espa\u00e7o da Secretaria de Pol\u00edticas para Mulheres. O objetivo da feira \u00e9<br \/>\nincentivar o empreendedorismo feminino, o trabalho e empoderamento econ\u00f4mico<br \/>\ndas mulheres.&nbsp;<\/div>\n<div style=\"text-align: justify;\">\n<\/div>\n<div class=\"separator\" style=\"clear: both; text-align: center;\">\n<a href=\"http:\/\/blogdoedvaldomagalhaes.com.br\/wp-content\/uploads\/2017\/06\/9-Etical-15.jpg\" imageanchor=\"1\" style=\"clear: left; float: left; margin-bottom: 1em; margin-right: 1em;\"><img decoding=\"async\" border=\"0\" data-original-height=\"100\" data-original-width=\"570\" src=\"http:\/\/blogdoedvaldomagalhaes.com.br\/wp-content\/uploads\/2017\/06\/9-Etical-15.jpg\" \/><\/a><\/div>\n<div style=\"text-align: justify;\">\n<\/div>\n","protected":false},"excerpt":{"rendered":"<p>O S\u00e3o Jo\u00e3o de Caruaru est\u00e1 abrindo espa\u00e7o, tamb\u00e9m, para quem deseja expor artesanatos e comercializar produtos, al\u00e9m de novas&hellip;<\/p>\n","protected":false},"author":1,"featured_media":0,"comment_status":"open","ping_status":"open","sticky":false,"template":"","format":"standard","meta":{"footnotes":""},"categories":[1],"tags":[2,6758,7579],"class_list":["post-5648","post","type-post","status-publish","format-standard","hentry","category-sem-categoria","tag-blog-do-edvaldo-magalhaes","tag-sao-joao","tag-sao-joao-de-caruaru-abre-pavilhao-para-artesanato-e-empreendedorismo"],"_links":{"self":[{"href":"https:\/\/blogdoedvaldomagalhaes.com.br\/index.php\/wp-json\/wp\/v2\/posts\/5648","targetHints":{"allow":["GET"]}}],"collection":[{"href":"https:\/\/blogdoedvaldomagalhaes.com.br\/index.php\/wp-json\/wp\/v2\/posts"}],"about":[{"href":"https:\/\/blogdoedvaldomagalhaes.com.br\/index.php\/wp-json\/wp\/v2\/types\/post"}],"author":[{"embeddable":true,"href":"https:\/\/blogdoedvaldomagalhaes.com.br\/index.php\/wp-json\/wp\/v2\/users\/1"}],"replies":[{"embeddable":true,"href":"https:\/\/blogdoedvaldomagalhaes.com.br\/index.php\/wp-json\/wp\/v2\/comments?post=5648"}],"version-history":[{"count":1,"href":"https:\/\/blogdoedvaldomagalhaes.com.br\/index.php\/wp-json\/wp\/v2\/posts\/5648\/revisions"}],"predecessor-version":[{"id":20905,"href":"https:\/\/blogdoedvaldomagalhaes.com.br\/index.php\/wp-json\/wp\/v2\/posts\/5648\/revisions\/20905"}],"wp:attachment":[{"href":"https:\/\/blogdoedvaldomagalhaes.com.br\/index.php\/wp-json\/wp\/v2\/media?parent=5648"}],"wp:term":[{"taxonomy":"category","embeddable":true,"href":"https:\/\/blogdoedvaldomagalhaes.com.br\/index.php\/wp-json\/wp\/v2\/categories?post=5648"},{"taxonomy":"post_tag","embeddable":true,"href":"https:\/\/blogdoedvaldomagalhaes.com.br\/index.php\/wp-json\/wp\/v2\/tags?post=5648"}],"curies":[{"name":"wp","href":"https:\/\/api.w.org\/{rel}","templated":true}]}}