{"id":5640,"date":"2017-06-17T14:12:00","date_gmt":"2017-06-17T17:12:00","guid":{"rendered":"http:\/\/blogdoedvaldomagalhaes.com.br\/index.php\/2017\/06\/17\/parada-de-advertencia-dos-agentes-e\/"},"modified":"2019-02-09T01:31:28","modified_gmt":"2019-02-09T03:31:28","slug":"parada-de-advertencia-dos-agentes-e","status":"publish","type":"post","link":"https:\/\/blogdoedvaldomagalhaes.com.br\/index.php\/2017\/06\/17\/parada-de-advertencia-dos-agentes-e\/","title":{"rendered":"Parada de Advert\u00eancia dos Agentes e Guardas Municipais complica o tr\u00e2nsito no Parque 18 de Maio"},"content":{"rendered":"<div style=\"text-align: justify;\">\n<div class=\"separator\" style=\"clear: both; text-align: center;\">\n<a href=\"https:\/\/3.bp.blogspot.com\/-sSSjv7OZC2M\/WUU4eGYEV8I\/AAAAAAAAXiM\/bW1yKOyLQ6Ao-TRNi5vBMLYP_7hblUkvgCLcBGAs\/s1600\/IMG-20170617-WA0039.jpg\" imageanchor=\"1\" style=\"margin-left: 1em; margin-right: 1em;\"><img loading=\"lazy\" decoding=\"async\" border=\"0\" data-original-height=\"720\" data-original-width=\"1280\" height=\"225\" src=\"http:\/\/blogdoedvaldomagalhaes.com.br\/wp-content\/uploads\/2017\/06\/IMG-20170617-WA0039.jpg\" width=\"400\" \/><\/a><\/div>\n<div class=\"separator\" style=\"clear: both; text-align: center;\">\n<\/div>\n<div class=\"separator\" style=\"clear: both; text-align: center;\">\n<a href=\"https:\/\/4.bp.blogspot.com\/-xQUFR8AoJPA\/WUVJCnpMuqI\/AAAAAAAAXj0\/VDotONDA38k8zz5yPW0bPgS1tljSJDLygCLcBGAs\/s1600\/sismuc.jpg\" imageanchor=\"1\" style=\"margin-left: 1em; margin-right: 1em;\"><img loading=\"lazy\" decoding=\"async\" border=\"0\" data-original-height=\"169\" data-original-width=\"300\" height=\"224\" src=\"http:\/\/blogdoedvaldomagalhaes.com.br\/wp-content\/uploads\/2017\/06\/sismuc.jpg\" width=\"400\" \/><\/a><\/div>\n<p><\/p>\n<div class=\"separator\" style=\"clear: both; text-align: center;\">\n<a href=\"https:\/\/2.bp.blogspot.com\/-SyiALVLqR0s\/WUVJFD__5VI\/AAAAAAAAXj4\/XmUvRzOUB3g1k1gFC6wuGSAPDJlHL_PuwCLcBGAs\/s1600\/siskmuc.jpg\" imageanchor=\"1\" style=\"margin-left: 1em; margin-right: 1em;\"><img loading=\"lazy\" decoding=\"async\" border=\"0\" data-original-height=\"1280\" data-original-width=\"960\" height=\"400\" src=\"http:\/\/blogdoedvaldomagalhaes.com.br\/wp-content\/uploads\/2017\/06\/siskmuc.jpg\" width=\"300\" \/><\/a><\/div>\n<p><\/p>\n<div class=\"separator\" style=\"clear: both; text-align: center;\">\n<a href=\"https:\/\/4.bp.blogspot.com\/-f2fIwoNh5Mk\/WUVJFeDVgrI\/AAAAAAAAXj8\/no0P7riMQiASgDGE3ocEfnUgvLjia4PpgCLcBGAs\/s1600\/sismuc%2B2.jpg\" imageanchor=\"1\" style=\"margin-left: 1em; margin-right: 1em;\"><img loading=\"lazy\" decoding=\"async\" border=\"0\" data-original-height=\"300\" data-original-width=\"169\" height=\"400\" src=\"http:\/\/blogdoedvaldomagalhaes.com.br\/wp-content\/uploads\/2017\/06\/sismuc2.jpg\" width=\"224\" \/><\/a><\/div>\n<p>Os Agentes de Tr\u00e2nsito e Guardas Municipais decidiram decretar Estado de Greve, e realizam uma parada de advert\u00eancia neste s\u00e1bado (17) e domingo (18). Segundo Eduardo Mendon\u00e7a,&nbsp;presidente do Sindicato dos Servidores Municipais de Caruaru (Sismuc Regional), as categorias solicitaram desde o in\u00edcio de 2017 um reajuste salarial.&nbsp;A cria\u00e7\u00e3o do Plano de Cargos e Carreiras para as duas categorias, tamb\u00e9m \u00e9 motivo de insatisfa\u00e7\u00e3o junto a gest\u00e3o municipal.&nbsp;<\/p>\n<p>&#8220;J\u00e1 houve reuni\u00f5es com a dire\u00e7\u00e3o da Destra e foi entregue uma pauta com reivindica\u00e7\u00f5es. A prefeitura ficou de analisar um poss\u00edvel percentual de reajuste, por\u00e9m nada saiu. A parada \u00e9 uma forma de chamar aten\u00e7\u00e3o do governo para as quest\u00f5es pendentes dos servidores&#8221;, disse Eduardo.<\/p>\n<p><\/p>\n<div class=\"separator\" style=\"clear: both; text-align: center;\">\n<a href=\"http:\/\/blogdoedvaldomagalhaes.com.br\/wp-content\/uploads\/2017\/06\/2-SISMUC-16.jpg\" imageanchor=\"1\" style=\"clear: left; float: left; margin-bottom: 1em; margin-right: 1em;\"><img decoding=\"async\" border=\"0\" data-original-height=\"100\" data-original-width=\"570\" src=\"http:\/\/blogdoedvaldomagalhaes.com.br\/wp-content\/uploads\/2017\/06\/2-SISMUC-16.jpg\" \/><\/a><\/div>\n<\/div>\n","protected":false},"excerpt":{"rendered":"<p>Os Agentes de Tr\u00e2nsito e Guardas Municipais decidiram decretar Estado de Greve, e realizam uma parada de advert\u00eancia neste s\u00e1bado&hellip;<\/p>\n","protected":false},"author":1,"featured_media":0,"comment_status":"open","ping_status":"open","sticky":false,"template":"","format":"standard","meta":{"footnotes":""},"categories":[1],"tags":[2,6,7567],"class_list":["post-5640","post","type-post","status-publish","format-standard","hentry","category-sem-categoria","tag-blog-do-edvaldo-magalhaes","tag-noticias","tag-parada-de-advertencia-dos-agentes-e-guardas-municipais-complica-o-transito-no-parque-18-de-maio"],"_links":{"self":[{"href":"https:\/\/blogdoedvaldomagalhaes.com.br\/index.php\/wp-json\/wp\/v2\/posts\/5640","targetHints":{"allow":["GET"]}}],"collection":[{"href":"https:\/\/blogdoedvaldomagalhaes.com.br\/index.php\/wp-json\/wp\/v2\/posts"}],"about":[{"href":"https:\/\/blogdoedvaldomagalhaes.com.br\/index.php\/wp-json\/wp\/v2\/types\/post"}],"author":[{"embeddable":true,"href":"https:\/\/blogdoedvaldomagalhaes.com.br\/index.php\/wp-json\/wp\/v2\/users\/1"}],"replies":[{"embeddable":true,"href":"https:\/\/blogdoedvaldomagalhaes.com.br\/index.php\/wp-json\/wp\/v2\/comments?post=5640"}],"version-history":[{"count":1,"href":"https:\/\/blogdoedvaldomagalhaes.com.br\/index.php\/wp-json\/wp\/v2\/posts\/5640\/revisions"}],"predecessor-version":[{"id":20935,"href":"https:\/\/blogdoedvaldomagalhaes.com.br\/index.php\/wp-json\/wp\/v2\/posts\/5640\/revisions\/20935"}],"wp:attachment":[{"href":"https:\/\/blogdoedvaldomagalhaes.com.br\/index.php\/wp-json\/wp\/v2\/media?parent=5640"}],"wp:term":[{"taxonomy":"category","embeddable":true,"href":"https:\/\/blogdoedvaldomagalhaes.com.br\/index.php\/wp-json\/wp\/v2\/categories?post=5640"},{"taxonomy":"post_tag","embeddable":true,"href":"https:\/\/blogdoedvaldomagalhaes.com.br\/index.php\/wp-json\/wp\/v2\/tags?post=5640"}],"curies":[{"name":"wp","href":"https:\/\/api.w.org\/{rel}","templated":true}]}}