{"id":5639,"date":"2017-06-17T14:29:00","date_gmt":"2017-06-17T17:29:00","guid":{"rendered":"http:\/\/blogdoedvaldomagalhaes.com.br\/index.php\/2017\/06\/17\/atracoes-e-horarios-dos-shows-do-sao_17\/"},"modified":"2019-02-09T01:31:28","modified_gmt":"2019-02-09T03:31:28","slug":"atracoes-e-horarios-dos-shows-do-sao_17","status":"publish","type":"post","link":"https:\/\/blogdoedvaldomagalhaes.com.br\/index.php\/2017\/06\/17\/atracoes-e-horarios-dos-shows-do-sao_17\/","title":{"rendered":"Atra\u00e7\u00f5es e hor\u00e1rios dos shows do S\u00e3o Jo\u00e3o deste s\u00e1bado (17)"},"content":{"rendered":"<div class=\"separator\" style=\"clear: both; text-align: center;\">\n<a href=\"https:\/\/4.bp.blogspot.com\/-aI1mUZowHo4\/WUU8pPgfyeI\/AAAAAAAAXis\/eKZDlcjMJnIHhfjcURIm6IhsAoTrQnewwCLcBGAs\/s1600\/israiel%2Bnovaes.jpg\" imageanchor=\"1\" style=\"margin-left: 1em; margin-right: 1em;\"><img loading=\"lazy\" decoding=\"async\" border=\"0\" data-original-height=\"465\" data-original-width=\"620\" height=\"300\" src=\"http:\/\/blogdoedvaldomagalhaes.com.br\/wp-content\/uploads\/2017\/06\/israielnovaes.jpg\" width=\"400\" \/><\/a><\/div>\n<div class=\"separator\" style=\"clear: both; text-align: center;\">\nFoto: Jamile Alves<\/div>\n<div class=\"MsoNormal\" style=\"text-align: justify;\">\n<\/div>\n<div class=\"MsoNormal\" style=\"text-align: justify;\">\nOnze polos do S\u00e3o Jo\u00e3o de<br \/>\nCaruaru estar\u00e3o com grandes atra\u00e7\u00f5es neste s\u00e1bado (17). Al\u00e9m do forr\u00f3, haver\u00e1<br \/>\npoesia, teatro, quadrilha e rock.&nbsp;Programa\u00e7\u00e3o completa:<\/div>\n<div class=\"MsoNormal\" style=\"text-align: justify;\">\n<\/div>\n<div class=\"MsoNormal\" style=\"text-align: justify;\">\n<b>Polo Mestre Vitalino \u2013 Alto<br \/>\ndo Moura<\/b><\/div>\n<div class=\"MsoNormal\" style=\"text-align: justify;\">\n<\/div>\n<div class=\"MsoNormal\" style=\"text-align: justify;\">\n10h \u2013 Edmilson do P\u00edfano<\/div>\n<div class=\"MsoNormal\" style=\"text-align: justify;\">\n<\/div>\n<div class=\"MsoNormal\" style=\"text-align: justify;\">\n11h \u2013 Pedrinho do Acordeon<\/div>\n<div class=\"MsoNormal\" style=\"text-align: justify;\">\n<\/div>\n<div class=\"MsoNormal\" style=\"text-align: justify;\">\n12h20 \u2013 J\u00f4 Quirino<\/div>\n<div class=\"MsoNormal\" style=\"text-align: justify;\">\n<\/div>\n<div class=\"MsoNormal\" style=\"text-align: justify;\">\n13h40 \u2013 Banda Cheiro da<br \/>\nTerra<\/div>\n<div class=\"MsoNormal\" style=\"text-align: justify;\">\n<\/div>\n<div class=\"MsoNormal\" style=\"text-align: justify;\">\n15h40 \u2013 Banda Fogo e Forr\u00f3<\/div>\n<div class=\"MsoNormal\" style=\"text-align: justify;\">\n<\/div>\n<div class=\"MsoNormal\" style=\"text-align: justify;\">\n16h30 \u2013 Virados do Forr\u00f3<\/div>\n<div class=\"MsoNormal\" style=\"text-align: justify;\">\n<\/div>\n<div class=\"MsoNormal\" style=\"text-align: justify;\">\n<b>Polo Infantil \u2013 Esta\u00e7\u00e3o<br \/>\nFerrovi\u00e1ria<\/b><\/div>\n<div class=\"MsoNormal\" style=\"text-align: justify;\">\n<\/div>\n<div class=\"MsoNormal\" style=\"text-align: justify;\">\n17h \u2013 Cia. Agora Eu Era com<br \/>\n\u201cO mar t\u00e1 pra peixe\u201d<\/div>\n<div class=\"MsoNormal\" style=\"text-align: justify;\">\n<\/div>\n<div class=\"MsoNormal\" style=\"text-align: justify;\">\n18h \u2013 Cia. Brincantes \u2013<br \/>\nBorica Trindade<\/div>\n<div class=\"MsoNormal\" style=\"text-align: justify;\">\nPolo do Repente \u2013 Esta\u00e7\u00e3o<br \/>\nFerrovi\u00e1ria<\/div>\n<div class=\"MsoNormal\" style=\"text-align: justify;\">\n<\/div>\n<div class=\"MsoNormal\" style=\"text-align: justify;\">\n17h \u2013 Ant\u00f4nio Lisboa x<br \/>\nEdmilson Ferreira (repentistas)<\/div>\n<div class=\"MsoNormal\" style=\"text-align: justify;\">\n<\/div>\n<div class=\"MsoNormal\" style=\"text-align: justify;\">\n18h \u2013 Curi\u00f3 de Bela Rosa e<br \/>\nZezinho da Borborema (emboladores)<\/div>\n<div class=\"MsoNormal\" style=\"text-align: justify;\">\n<\/div>\n<div class=\"MsoNormal\" style=\"text-align: justify;\">\n19h \u2013 Iponax Vila Nova<br \/>\n(declamador)&nbsp;<\/div>\n<div class=\"MsoNormal\" style=\"text-align: justify;\">\n<\/div>\n<div class=\"MsoNormal\" style=\"text-align: justify;\">\n<b>Casa do Forr\u00f3 \u2013 Esta\u00e7\u00e3o<br \/>\nFerrovi\u00e1ria<\/b><\/div>\n<div class=\"MsoNormal\" style=\"text-align: justify;\">\n<\/div>\n<div class=\"MsoNormal\" style=\"text-align: justify;\">\n20h \u2013 Roda de Forr\u00f3 com<br \/>\nValdir Santos<\/div>\n<div class=\"MsoNormal\" style=\"text-align: justify;\">\nPolo das Quadrilhas \u2013<br \/>\nEsta\u00e7\u00e3o Ferrovi\u00e1ria<\/div>\n<div class=\"MsoNormal\" style=\"text-align: justify;\">\n<\/div>\n<div class=\"MsoNormal\" style=\"text-align: justify;\">\n20h \u2013 Concurso de Quadrilhas<br \/>\n\u2013 2\u00aa Eliminat\u00f3ria<\/div>\n<div class=\"MsoNormal\" style=\"text-align: justify;\">\nPolo Juarez Santiago \u2013<br \/>\nEsta\u00e7\u00e3o Ferrovi\u00e1ria<\/div>\n<div class=\"MsoNormal\" style=\"text-align: justify;\">\n<\/div>\n<div class=\"MsoNormal\" style=\"text-align: justify;\">\n20h \u2013 Trio Buscap\u00e9<\/div>\n<div class=\"MsoNormal\" style=\"text-align: justify;\">\n<\/div>\n<div class=\"MsoNormal\" style=\"text-align: justify;\">\n22h \u2013 Trio Fogo de Lenha<\/div>\n<div class=\"MsoNormal\" style=\"text-align: justify;\">\n<\/div>\n<div class=\"MsoNormal\" style=\"text-align: justify;\">\n23h30 \u2013 Trio Fole de Ouro<\/div>\n<div class=\"MsoNormal\" style=\"text-align: justify;\">\n<\/div>\n<div class=\"MsoNormal\" style=\"text-align: justify;\">\n01h \u2013 Trio Preto do Leite<\/div>\n<div class=\"MsoNormal\" style=\"text-align: justify;\">\nS\u00e3o Jo\u00e3o na Ro\u00e7a \u2013 Terra<br \/>\nVermelha<\/div>\n<div class=\"MsoNormal\" style=\"text-align: justify;\">\n<\/div>\n<div class=\"MsoNormal\" style=\"text-align: justify;\">\n<b>Polo do Repente &#8211; Esta\u00e7\u00e3o Ferrovi\u00e1ria<\/b><\/div>\n<div class=\"MsoNormal\" style=\"text-align: justify;\">\n<\/div>\n<div class=\"MsoNormal\" style=\"text-align: justify;\">\n20h \u2013 Jo\u00e3o Louren\u00e7o e<br \/>\nHip\u00f3lito Moura<\/div>\n<div class=\"MsoNormal\" style=\"text-align: justify;\">\n<\/div>\n<div class=\"MsoNormal\" style=\"text-align: justify;\">\n21h \u2013 Forr\u00f3 de Rabeca Brasil<\/div>\n<div class=\"MsoNormal\" style=\"text-align: justify;\">\n<\/div>\n<div class=\"MsoNormal\" style=\"text-align: justify;\">\n<b>Polo Azul\u00e3o &#8211; rua Armando da Fonte<\/b><\/div>\n<div class=\"MsoNormal\" style=\"text-align: justify;\">\n<\/div>\n<div class=\"MsoNormal\" style=\"text-align: justify;\">\n22h20 \u2013 Biliu de Campina e<br \/>\nSilv\u00e9rio Pessoa<\/div>\n<div class=\"MsoNormal\" style=\"text-align: justify;\">\nPolo Azul\u00e3o \u2013 Avenida Rui<br \/>\nBarbosa<\/div>\n<div class=\"MsoNormal\" style=\"text-align: justify;\">\n<\/div>\n<div class=\"MsoNormal\" style=\"text-align: justify;\">\n20h \u2013 Kinto Karma<\/div>\n<div class=\"MsoNormal\" style=\"text-align: justify;\">\n<\/div>\n<div class=\"MsoNormal\" style=\"text-align: justify;\">\n21h10 \u2013 Banda Vimana<\/div>\n<div class=\"MsoNormal\" style=\"text-align: justify;\">\n<\/div>\n<div class=\"MsoNormal\" style=\"text-align: justify;\">\n22h20 \u2013 Casa de Ouro<\/div>\n<div class=\"MsoNormal\" style=\"text-align: justify;\">\n<\/div>\n<div class=\"MsoNormal\" style=\"text-align: justify;\">\n23h40 \u2013 Mamelungos<\/div>\n<div class=\"MsoNormal\" style=\"text-align: justify;\">\n<\/div>\n<div class=\"MsoNormal\" style=\"text-align: justify;\">\n01h \u2013 Eddie<\/div>\n<div class=\"MsoNormal\" style=\"text-align: justify;\">\n<\/div>\n<div class=\"MsoNormal\" style=\"text-align: justify;\">\n<b>Polo Forr\u00f3 do Candeeiro<\/b><\/div>\n<div class=\"MsoNormal\" style=\"text-align: justify;\">\n<\/div>\n<div class=\"MsoNormal\" style=\"text-align: justify;\">\n20h \u2013 Trio Vitalino<\/div>\n<div class=\"MsoNormal\" style=\"text-align: justify;\">\n<\/div>\n<div class=\"MsoNormal\" style=\"text-align: justify;\">\n21h45 \u2013 L\u00e9o Cruz<\/div>\n<div class=\"MsoNormal\" style=\"text-align: justify;\">\n<\/div>\n<div class=\"MsoNormal\" style=\"text-align: justify;\">\n23h20 \u2013 Ricarte e Rivaldo<\/div>\n<div class=\"MsoNormal\" style=\"text-align: justify;\">\n<\/div>\n<div class=\"MsoNormal\" style=\"text-align: justify;\">\n01h \u2013 Domingos Aciolly<\/div>\n<div class=\"MsoNormal\" style=\"text-align: justify;\">\nP\u00e1tio do Forr\u00f3<\/p>\n<p><b style=\"font-family: arial, sans-serif; font-size: 24pt;\">Parque de Eventos Luiz Gonzaga<\/b><\/div>\n<div class=\"MsoNormal\" style=\"text-align: justify;\">\n<\/div>\n<div class=\"MsoNormal\" style=\"text-align: justify;\">\n20h \u2013 Banda Caru Forr\u00f3<\/div>\n<div class=\"MsoNormal\" style=\"text-align: justify;\">\n<\/div>\n<div class=\"MsoNormal\" style=\"text-align: justify;\">\n21h20 \u2013 Santanna \u2013 O<br \/>\ncantador<\/div>\n<div class=\"MsoNormal\" style=\"text-align: justify;\">\n<\/div>\n<div class=\"MsoNormal\" style=\"text-align: justify;\">\n23h30 \u2013 Vumbora<\/div>\n<div class=\"MsoNormal\" style=\"text-align: justify;\">\n<\/div>\n<div class=\"MsoNormal\" style=\"text-align: justify;\">\n01h30 \u2013 Israel Novaes<\/div>\n<div class=\"MsoNormal\" style=\"text-align: justify;\">\n<\/div>\n<div class=\"separator\" style=\"clear: both; text-align: center;\">\n<a href=\"http:\/\/blogdoedvaldomagalhaes.com.br\/wp-content\/uploads\/2017\/06\/1-Prefeitura-22.jpg\" imageanchor=\"1\" style=\"clear: left; float: left; margin-bottom: 1em; margin-right: 1em;\"><img decoding=\"async\" border=\"0\" data-original-height=\"100\" data-original-width=\"570\" src=\"http:\/\/blogdoedvaldomagalhaes.com.br\/wp-content\/uploads\/2017\/06\/1-Prefeitura-22.jpg\" \/><\/a><\/div>\n<div class=\"MsoNormal\" style=\"text-align: justify;\">\n<\/div>\n","protected":false},"excerpt":{"rendered":"<p>Foto: Jamile Alves Onze polos do S\u00e3o Jo\u00e3o de Caruaru estar\u00e3o com grandes atra\u00e7\u00f5es neste s\u00e1bado (17). Al\u00e9m do forr\u00f3,&hellip;<\/p>\n","protected":false},"author":1,"featured_media":0,"comment_status":"open","ping_status":"open","sticky":false,"template":"","format":"standard","meta":{"footnotes":""},"categories":[1],"tags":[7565,7566,2,2137,2930,6758,4162],"class_list":["post-5639","post","type-post","status-publish","format-standard","hentry","category-sem-categoria","tag-atracoes-e-horarios-dos-shows-do-sao-joao-deste-sabado-17","tag-banda-caru-forro","tag-blog-do-edvaldo-magalhaes","tag-israel-novaes","tag-santana","tag-sao-joao","tag-vumbora"],"_links":{"self":[{"href":"https:\/\/blogdoedvaldomagalhaes.com.br\/index.php\/wp-json\/wp\/v2\/posts\/5639","targetHints":{"allow":["GET"]}}],"collection":[{"href":"https:\/\/blogdoedvaldomagalhaes.com.br\/index.php\/wp-json\/wp\/v2\/posts"}],"about":[{"href":"https:\/\/blogdoedvaldomagalhaes.com.br\/index.php\/wp-json\/wp\/v2\/types\/post"}],"author":[{"embeddable":true,"href":"https:\/\/blogdoedvaldomagalhaes.com.br\/index.php\/wp-json\/wp\/v2\/users\/1"}],"replies":[{"embeddable":true,"href":"https:\/\/blogdoedvaldomagalhaes.com.br\/index.php\/wp-json\/wp\/v2\/comments?post=5639"}],"version-history":[{"count":1,"href":"https:\/\/blogdoedvaldomagalhaes.com.br\/index.php\/wp-json\/wp\/v2\/posts\/5639\/revisions"}],"predecessor-version":[{"id":20938,"href":"https:\/\/blogdoedvaldomagalhaes.com.br\/index.php\/wp-json\/wp\/v2\/posts\/5639\/revisions\/20938"}],"wp:attachment":[{"href":"https:\/\/blogdoedvaldomagalhaes.com.br\/index.php\/wp-json\/wp\/v2\/media?parent=5639"}],"wp:term":[{"taxonomy":"category","embeddable":true,"href":"https:\/\/blogdoedvaldomagalhaes.com.br\/index.php\/wp-json\/wp\/v2\/categories?post=5639"},{"taxonomy":"post_tag","embeddable":true,"href":"https:\/\/blogdoedvaldomagalhaes.com.br\/index.php\/wp-json\/wp\/v2\/tags?post=5639"}],"curies":[{"name":"wp","href":"https:\/\/api.w.org\/{rel}","templated":true}]}}