{"id":5638,"date":"2017-06-17T14:39:00","date_gmt":"2017-06-17T17:39:00","guid":{"rendered":"http:\/\/blogdoedvaldomagalhaes.com.br\/index.php\/2017\/06\/17\/noite-de-sexta-feira-com-bom-publico-no\/"},"modified":"2019-02-09T01:31:28","modified_gmt":"2019-02-09T03:31:28","slug":"noite-de-sexta-feira-com-bom-publico-no","status":"publish","type":"post","link":"https:\/\/blogdoedvaldomagalhaes.com.br\/index.php\/2017\/06\/17\/noite-de-sexta-feira-com-bom-publico-no\/","title":{"rendered":"Noite de sexta-feira com bom p\u00fablico no P\u00e1tio e quatro pris\u00f5es"},"content":{"rendered":"<div class=\"separator\" style=\"clear: both; text-align: center;\">\n<\/div>\n<div class=\"separator\" style=\"clear: both; text-align: center;\">\n<a href=\"https:\/\/2.bp.blogspot.com\/-Tf6IrzOAWWk\/WUU-Zcfhb3I\/AAAAAAAAXi8\/HTxdqHPwgDYUMAbYufU3oGzKvhjnKX5wACLcBGAs\/s1600\/20170617_003714.jpg\" imageanchor=\"1\" style=\"margin-left: 1em; margin-right: 1em;\"><img loading=\"lazy\" decoding=\"async\" border=\"0\" data-original-height=\"900\" data-original-width=\"1600\" height=\"225\" src=\"http:\/\/blogdoedvaldomagalhaes.com.br\/wp-content\/uploads\/2017\/06\/20170617_003714.jpg\" width=\"400\" \/><\/a><\/div>\n<div class=\"separator\" style=\"clear: both; text-align: center;\">\n<\/div>\n<div class=\"separator\" style=\"clear: both; text-align: justify;\">\nA estimativa de p\u00fablico da Pol\u00edcia Militar, na noite desta sexta-feira (17), no P\u00e1tio de Eventos Luiz Gonzaga, foi de 43 mil pessoas, com efetivo lan\u00e7ado de 427 PMs, 23 condu\u00e7\u00f5es ao Posto de Comando, e 04 ocorr\u00eancias conduzidas \u00e0 Delegacia de Pol\u00edcia Civil.<\/div>\n<div class=\"separator\" style=\"clear: both; text-align: justify;\">\n<\/div>\n<div class=\"separator\" style=\"clear: both; text-align: justify;\">\nNo Polo Juarez Santiago, na Esta\u00e7\u00e3o Ferrovi\u00e1ria, tendo como atra\u00e7\u00f5es Trio Santa Rosa e Trio Regional, o p\u00fablico foi de 100 pessoas, sem ocorr\u00eancia.<\/div>\n<div class=\"separator\" style=\"clear: both; text-align: justify;\">\n<\/div>\n<div class=\"separator\" style=\"clear: both; text-align: justify;\">\nNo Polo das Quadrilhas, na Esta\u00e7\u00e3o Ferrovi\u00e1ria, as atra\u00e7\u00f5es foram Grupo Afro Il\u00ea Dandara, Grupo Express\u00e3o Popular Flor e Barro, Grupo Cia. de Dan\u00e7a, Quadrilha Tradicional Arrasta P\u00e9, com 200 pessoas assistindo.<\/div>\n<div class=\"separator\" style=\"clear: both; text-align: justify;\">\n<\/div>\n<div class=\"separator\" style=\"clear: both; text-align: justify;\">\nNo Polo Azul\u00e3o, na rua Armando da Fonte, se apresentaram Ros\u00e1rio Apressado, Banda Hey John, Tony Maciel, Casa Prima, Banda Rodagem, para um p\u00fablico de 300 pessoas.<\/div>\n<div class=\"separator\" style=\"clear: both; text-align: justify;\">\n<\/div>\n<div class=\"separator\" style=\"clear: both; text-align: justify;\">\nNo Maior P\u00e9 de Moleque do Mundo e Caminh\u00e3o Itinerante, no bairro Rendeiras, as atra\u00e7\u00f5es foram Trio Carrapicho, Renilda Cardoso e Maciel Melo, com 4 mil pessoas, um efetivo lan\u00e7ado de 35 policiais militares e sem ocorr\u00eancia.<\/div>\n<div class=\"separator\" style=\"clear: both; text-align: justify;\">\n<\/div>\n<div class=\"separator\" style=\"clear: both; text-align: justify;\">\nNo Arrai\u00e1 do P\u00e3o Doce, no bairro Salgado, o p\u00fablico estimado foi de 1.300 pessoas, com efetivo lan\u00e7ado de 20 PMs, e sem ocorr\u00eancia.<\/div>\n<div class=\"separator\" style=\"clear: both; text-align: justify;\">\n<\/div>\n<div class=\"separator\" style=\"clear: both; text-align: justify;\">\nNa Festa da Polenta Gigante, na avenida S\u00e3o Jos\u00e9, no bairro S\u00e3o Francisco, o p\u00fablico foi de 400 pessoas, com efetivo lan\u00e7ado de 16 policiais militares, e sem ocorr\u00eancia.<\/div>\n<div class=\"separator\" style=\"clear: both; text-align: justify;\">\n<\/div>\n<div class=\"separator\" style=\"clear: both; text-align: center;\">\n<a href=\"http:\/\/blogdoedvaldomagalhaes.com.br\/wp-content\/uploads\/2017\/06\/7-Sintracon-6.jpg\" imageanchor=\"1\" style=\"clear: left; float: left; margin-bottom: 1em; margin-right: 1em;\"><img decoding=\"async\" border=\"0\" data-original-height=\"100\" data-original-width=\"570\" src=\"http:\/\/blogdoedvaldomagalhaes.com.br\/wp-content\/uploads\/2017\/06\/7-Sintracon-6.jpg\" \/><\/a><\/div>\n<div class=\"separator\" style=\"clear: both; text-align: justify;\">\n<\/div>\n<div class=\"separator\" style=\"clear: both; text-align: justify;\">\n<\/div>\n<p><\/p>\n","protected":false},"excerpt":{"rendered":"<p>A estimativa de p\u00fablico da Pol\u00edcia Militar, na noite desta sexta-feira (17), no P\u00e1tio de Eventos Luiz Gonzaga, foi de&hellip;<\/p>\n","protected":false},"author":1,"featured_media":0,"comment_status":"open","ping_status":"open","sticky":false,"template":"","format":"standard","meta":{"footnotes":""},"categories":[1],"tags":[2,7564,6758],"class_list":["post-5638","post","type-post","status-publish","format-standard","hentry","category-sem-categoria","tag-blog-do-edvaldo-magalhaes","tag-noite-de-sexta-feira-com-bom-publico-no-patio-e-quatro-prisoes","tag-sao-joao"],"_links":{"self":[{"href":"https:\/\/blogdoedvaldomagalhaes.com.br\/index.php\/wp-json\/wp\/v2\/posts\/5638","targetHints":{"allow":["GET"]}}],"collection":[{"href":"https:\/\/blogdoedvaldomagalhaes.com.br\/index.php\/wp-json\/wp\/v2\/posts"}],"about":[{"href":"https:\/\/blogdoedvaldomagalhaes.com.br\/index.php\/wp-json\/wp\/v2\/types\/post"}],"author":[{"embeddable":true,"href":"https:\/\/blogdoedvaldomagalhaes.com.br\/index.php\/wp-json\/wp\/v2\/users\/1"}],"replies":[{"embeddable":true,"href":"https:\/\/blogdoedvaldomagalhaes.com.br\/index.php\/wp-json\/wp\/v2\/comments?post=5638"}],"version-history":[{"count":1,"href":"https:\/\/blogdoedvaldomagalhaes.com.br\/index.php\/wp-json\/wp\/v2\/posts\/5638\/revisions"}],"predecessor-version":[{"id":20941,"href":"https:\/\/blogdoedvaldomagalhaes.com.br\/index.php\/wp-json\/wp\/v2\/posts\/5638\/revisions\/20941"}],"wp:attachment":[{"href":"https:\/\/blogdoedvaldomagalhaes.com.br\/index.php\/wp-json\/wp\/v2\/media?parent=5638"}],"wp:term":[{"taxonomy":"category","embeddable":true,"href":"https:\/\/blogdoedvaldomagalhaes.com.br\/index.php\/wp-json\/wp\/v2\/categories?post=5638"},{"taxonomy":"post_tag","embeddable":true,"href":"https:\/\/blogdoedvaldomagalhaes.com.br\/index.php\/wp-json\/wp\/v2\/tags?post=5638"}],"curies":[{"name":"wp","href":"https:\/\/api.w.org\/{rel}","templated":true}]}}