{"id":5634,"date":"2017-06-17T21:55:00","date_gmt":"2017-06-18T00:55:00","guid":{"rendered":"http:\/\/blogdoedvaldomagalhaes.com.br\/index.php\/2017\/06\/17\/centro-de-atendimento-ao-turista-sera\/"},"modified":"2019-02-09T01:31:33","modified_gmt":"2019-02-09T03:31:33","slug":"centro-de-atendimento-ao-turista-sera","status":"publish","type":"post","link":"https:\/\/blogdoedvaldomagalhaes.com.br\/index.php\/2017\/06\/17\/centro-de-atendimento-ao-turista-sera\/","title":{"rendered":"Centro de Atendimento ao Turista ser\u00e1 inaugurado em Caruaru neste domingo (18)"},"content":{"rendered":"<div class=\"separator\" style=\"clear: both; text-align: center;\">\n<a href=\"https:\/\/1.bp.blogspot.com\/-jcSGWscmn6Y\/WUWk-k3svQI\/AAAAAAAAXk4\/Naqe7YmrKLQSfYBOrCyKvfjyNentf3bUACLcBGAs\/s1600\/pref.jpg\" imageanchor=\"1\" style=\"margin-left: 1em; margin-right: 1em;\"><img loading=\"lazy\" decoding=\"async\" border=\"0\" data-original-height=\"659\" data-original-width=\"471\" height=\"400\" src=\"http:\/\/blogdoedvaldomagalhaes.com.br\/wp-content\/uploads\/2017\/06\/pref-1.jpg\" width=\"283\" \/><\/a><\/div>\n<div class=\"MsoNormal\" style=\"text-align: justify;\">\n<\/div>\n<div class=\"MsoNormal\" style=\"text-align: justify;\">\nA Prefeitura de Caruaru,<br \/>\natrav\u00e9s da Secretaria de Urbanismo e Obras e Funda\u00e7\u00e3o de Cultura, inaugura<br \/>\nneste domingo, 18, \u00e0s 10h, o Centro de Atendimento ao Turista &#8211; CAT do Alto do<br \/>\nMoura.<\/div>\n<div class=\"MsoNormal\" style=\"text-align: justify;\">\nO CAT tem a finalidade de<br \/>\natender aos turistas atrav\u00e9s de informa\u00e7\u00f5es variadas da cidade, como pontos<br \/>\ntur\u00edsticos, gastronomia, \u00e1rea de lazer, entre outros.&nbsp;&nbsp; <\/div>\n<div class=\"MsoNormal\" style=\"text-align: justify;\">\nO local contar\u00e1 com Centro<br \/>\nAdministrativo, Recep\u00e7\u00e3o, \u00c1rea de Circula\u00e7\u00e3o e Banheiros (comuns e adaptados).<\/div>\n<p><\/p>\n<div class=\"MsoNormal\" style=\"text-align: justify;\">\nA obra \u00e9 mais uma etapa<br \/>\nconclu\u00edda do Projeto Revitalino, que conta com Receptivo Tur\u00edstico,<br \/>\nEstacionamento, Cal\u00e7adas Revitalizadas e Casa da Mulher Artes\u00e3, que ainda ser\u00e1<br \/>\nconclu\u00edda.<\/div>\n<div class=\"MsoNormal\" style=\"text-align: justify;\">\n<\/div>\n<div class=\"separator\" style=\"clear: both; text-align: center;\">\n<a href=\"http:\/\/blogdoedvaldomagalhaes.com.br\/wp-content\/uploads\/2017\/06\/1-Prefeitura-23.jpg\" imageanchor=\"1\" style=\"clear: left; float: left; margin-bottom: 1em; margin-right: 1em;\"><img decoding=\"async\" border=\"0\" data-original-height=\"100\" data-original-width=\"570\" src=\"http:\/\/blogdoedvaldomagalhaes.com.br\/wp-content\/uploads\/2017\/06\/1-Prefeitura-23.jpg\" \/><\/a><\/div>\n<div class=\"MsoNormal\" style=\"text-align: justify;\">\n<\/div>\n","protected":false},"excerpt":{"rendered":"<p>A Prefeitura de Caruaru, atrav\u00e9s da Secretaria de Urbanismo e Obras e Funda\u00e7\u00e3o de Cultura, inaugura neste domingo, 18, \u00e0s&hellip;<\/p>\n","protected":false},"author":1,"featured_media":0,"comment_status":"open","ping_status":"open","sticky":false,"template":"","format":"standard","meta":{"footnotes":""},"categories":[1],"tags":[3293,2,7560,6758],"class_list":["post-5634","post","type-post","status-publish","format-standard","hentry","category-sem-categoria","tag-alto-do-moura","tag-blog-do-edvaldo-magalhaes","tag-centro-de-atendimento-ao-turista-sera-inaugurado-em-caruaru-neste-domingo-18","tag-sao-joao"],"_links":{"self":[{"href":"https:\/\/blogdoedvaldomagalhaes.com.br\/index.php\/wp-json\/wp\/v2\/posts\/5634","targetHints":{"allow":["GET"]}}],"collection":[{"href":"https:\/\/blogdoedvaldomagalhaes.com.br\/index.php\/wp-json\/wp\/v2\/posts"}],"about":[{"href":"https:\/\/blogdoedvaldomagalhaes.com.br\/index.php\/wp-json\/wp\/v2\/types\/post"}],"author":[{"embeddable":true,"href":"https:\/\/blogdoedvaldomagalhaes.com.br\/index.php\/wp-json\/wp\/v2\/users\/1"}],"replies":[{"embeddable":true,"href":"https:\/\/blogdoedvaldomagalhaes.com.br\/index.php\/wp-json\/wp\/v2\/comments?post=5634"}],"version-history":[{"count":1,"href":"https:\/\/blogdoedvaldomagalhaes.com.br\/index.php\/wp-json\/wp\/v2\/posts\/5634\/revisions"}],"predecessor-version":[{"id":20954,"href":"https:\/\/blogdoedvaldomagalhaes.com.br\/index.php\/wp-json\/wp\/v2\/posts\/5634\/revisions\/20954"}],"wp:attachment":[{"href":"https:\/\/blogdoedvaldomagalhaes.com.br\/index.php\/wp-json\/wp\/v2\/media?parent=5634"}],"wp:term":[{"taxonomy":"category","embeddable":true,"href":"https:\/\/blogdoedvaldomagalhaes.com.br\/index.php\/wp-json\/wp\/v2\/categories?post=5634"},{"taxonomy":"post_tag","embeddable":true,"href":"https:\/\/blogdoedvaldomagalhaes.com.br\/index.php\/wp-json\/wp\/v2\/tags?post=5634"}],"curies":[{"name":"wp","href":"https:\/\/api.w.org\/{rel}","templated":true}]}}