{"id":5627,"date":"2017-06-18T20:25:00","date_gmt":"2017-06-18T23:25:00","guid":{"rendered":"http:\/\/blogdoedvaldomagalhaes.com.br\/index.php\/2017\/06\/18\/festa-da-macaxeira-gigante-em-caruaru\/"},"modified":"2019-02-09T01:31:39","modified_gmt":"2019-02-09T03:31:39","slug":"festa-da-macaxeira-gigante-em-caruaru","status":"publish","type":"post","link":"https:\/\/blogdoedvaldomagalhaes.com.br\/index.php\/2017\/06\/18\/festa-da-macaxeira-gigante-em-caruaru\/","title":{"rendered":"Festa da Macaxeira Gigante em Caruaru"},"content":{"rendered":"<div style=\"text-align: justify;\">\n<\/p>\n<div class=\"separator\" style=\"clear: both; text-align: center;\">\n<a href=\"https:\/\/2.bp.blogspot.com\/-Eb_zW0aTHMg\/WUbhiPkQtHI\/AAAAAAAAXng\/L5Yn6eHwcqEvkKnY_xLMV60n4KbbHzmKACLcBGAs\/s1600\/IMG-20170618-WA0005.jpg\" imageanchor=\"1\" style=\"margin-left: 1em; margin-right: 1em;\"><img loading=\"lazy\" decoding=\"async\" border=\"0\" data-original-height=\"768\" data-original-width=\"1024\" height=\"300\" src=\"http:\/\/blogdoedvaldomagalhaes.com.br\/wp-content\/uploads\/2017\/06\/IMG-20170618-WA0005.jpg\" width=\"400\" \/><\/a><\/div>\n<p>\n&nbsp;A Vila Campos, na zona rural, sediar\u00e1, neste domingo (18), a festa da Macaxeira Gigante. Este ano, o evento completa oito edi\u00e7\u00f5es e ser\u00e1 realizado na Rua Inoc\u00eancio Amorim de Souza, come\u00e7ou \u00e0s 13h. A expectativa do organizador, Marc\u00edlio Bernardo, \u00e9 de que o evento re\u00fana milhares de pessoas.<\/p>\n<div class=\"separator\" style=\"clear: both; text-align: center;\">\n<a href=\"http:\/\/blogdoedvaldomagalhaes.com.br\/wp-content\/uploads\/2017\/06\/5-Saga-16.jpg\" imageanchor=\"1\" style=\"clear: left; float: left; margin-bottom: 1em; margin-right: 1em;\"><img decoding=\"async\" border=\"0\" data-original-height=\"100\" data-original-width=\"570\" src=\"http:\/\/blogdoedvaldomagalhaes.com.br\/wp-content\/uploads\/2017\/06\/5-Saga-16.jpg\" \/><\/a><\/div>\n<p><\/div>\n","protected":false},"excerpt":{"rendered":"<p>&nbsp;A Vila Campos, na zona rural, sediar\u00e1, neste domingo (18), a festa da Macaxeira Gigante. Este ano, o evento completa&hellip;<\/p>\n","protected":false},"author":1,"featured_media":0,"comment_status":"open","ping_status":"open","sticky":false,"template":"","format":"standard","meta":{"footnotes":""},"categories":[1],"tags":[2,7541,7542,1928,6758,1929],"class_list":["post-5627","post","type-post","status-publish","format-standard","hentry","category-sem-categoria","tag-blog-do-edvaldo-magalhaes","tag-festa-da-macaxeira-gigante-em-caruaru","tag-marcilio-bernardo","tag-rua-inocencio-amorim-de-souza","tag-sao-joao","tag-vila-campos"],"_links":{"self":[{"href":"https:\/\/blogdoedvaldomagalhaes.com.br\/index.php\/wp-json\/wp\/v2\/posts\/5627","targetHints":{"allow":["GET"]}}],"collection":[{"href":"https:\/\/blogdoedvaldomagalhaes.com.br\/index.php\/wp-json\/wp\/v2\/posts"}],"about":[{"href":"https:\/\/blogdoedvaldomagalhaes.com.br\/index.php\/wp-json\/wp\/v2\/types\/post"}],"author":[{"embeddable":true,"href":"https:\/\/blogdoedvaldomagalhaes.com.br\/index.php\/wp-json\/wp\/v2\/users\/1"}],"replies":[{"embeddable":true,"href":"https:\/\/blogdoedvaldomagalhaes.com.br\/index.php\/wp-json\/wp\/v2\/comments?post=5627"}],"version-history":[{"count":1,"href":"https:\/\/blogdoedvaldomagalhaes.com.br\/index.php\/wp-json\/wp\/v2\/posts\/5627\/revisions"}],"predecessor-version":[{"id":20977,"href":"https:\/\/blogdoedvaldomagalhaes.com.br\/index.php\/wp-json\/wp\/v2\/posts\/5627\/revisions\/20977"}],"wp:attachment":[{"href":"https:\/\/blogdoedvaldomagalhaes.com.br\/index.php\/wp-json\/wp\/v2\/media?parent=5627"}],"wp:term":[{"taxonomy":"category","embeddable":true,"href":"https:\/\/blogdoedvaldomagalhaes.com.br\/index.php\/wp-json\/wp\/v2\/categories?post=5627"},{"taxonomy":"post_tag","embeddable":true,"href":"https:\/\/blogdoedvaldomagalhaes.com.br\/index.php\/wp-json\/wp\/v2\/tags?post=5627"}],"curies":[{"name":"wp","href":"https:\/\/api.w.org\/{rel}","templated":true}]}}