{"id":5625,"date":"2017-06-18T21:18:00","date_gmt":"2017-06-19T00:18:00","guid":{"rendered":"http:\/\/blogdoedvaldomagalhaes.com.br\/index.php\/2017\/06\/18\/batista-lima-substitui-edson-lima-na\/"},"modified":"2019-02-09T01:31:39","modified_gmt":"2019-02-09T03:31:39","slug":"batista-lima-substitui-edson-lima-na","status":"publish","type":"post","link":"https:\/\/blogdoedvaldomagalhaes.com.br\/index.php\/2017\/06\/18\/batista-lima-substitui-edson-lima-na\/","title":{"rendered":"Batista Lima substitui Edson Lima na Gatinha Manhosa hoje em Caruaru"},"content":{"rendered":"<div class=\"separator\" style=\"clear: both; text-align: center;\">\n<a href=\"https:\/\/4.bp.blogspot.com\/-HUjIMaFuFbs\/WUbtnJVCPDI\/AAAAAAAAXoQ\/rlnC3rRZrj0L3XiNt-78aijc4pw0zSysACLcBGAs\/s1600\/IMG-20170618-WA0011.jpg\" imageanchor=\"1\" style=\"margin-left: 1em; margin-right: 1em;\"><img loading=\"lazy\" decoding=\"async\" border=\"0\" data-original-height=\"1280\" data-original-width=\"720\" height=\"400\" src=\"http:\/\/blogdoedvaldomagalhaes.com.br\/wp-content\/uploads\/2017\/06\/IMG-20170618-WA0011.jpg\" width=\"225\" \/><\/a><\/div>\n<div class=\"separator\" style=\"clear: both; text-align: center;\">\n<\/div>\n<div class=\"separator\" style=\"clear: both; text-align: justify;\">\nBatista Lima postou a foto acima em seu instagram, na hora a viagem para a apresenta\u00e7\u00e3o da banda Gatinha Manhosa, na noite deste domingo (18), no Maior e Melhor S\u00e3o Jo\u00e3o do Mundo, no P\u00e1tio de Eventos Luiz Gonzaga, em Caruaru.&nbsp;<\/div>\n<div class=\"separator\" style=\"clear: both; text-align: justify;\">\n<\/div>\n<div class=\"separator\" style=\"clear: both; text-align: justify;\">\nLembrando que Edson Lima passou por uma cirurgia bari\u00e1trica e vai passar por outra cirurgia, por este motivo, n\u00e3o vem \u00e0 Caruaru hoje (18). Enquanto Batista Lima j\u00e1 se apresentou no S\u00e3o Jo\u00e3o deste ano, e est\u00e1 de volta e vai cantar ao lado de Gil Lima (novo vocalista da banda) e Val\u00e9ria.<\/div>\n<div class=\"separator\" style=\"clear: both; text-align: justify;\">\n<\/div>\n<div class=\"separator\" style=\"clear: both; text-align: center;\">\n<a href=\"http:\/\/blogdoedvaldomagalhaes.com.br\/wp-content\/uploads\/2017\/06\/7-Sintracon-7.jpg\" imageanchor=\"1\" style=\"clear: left; float: left; margin-bottom: 1em; margin-right: 1em;\"><img decoding=\"async\" border=\"0\" data-original-height=\"100\" data-original-width=\"570\" src=\"http:\/\/blogdoedvaldomagalhaes.com.br\/wp-content\/uploads\/2017\/06\/7-Sintracon-7.jpg\" \/><\/a><\/div>\n<div class=\"separator\" style=\"clear: both; text-align: center;\">\n<\/div>\n","protected":false},"excerpt":{"rendered":"<p>Batista Lima postou a foto acima em seu instagram, na hora a viagem para a apresenta\u00e7\u00e3o da banda Gatinha Manhosa,&hellip;<\/p>\n","protected":false},"author":1,"featured_media":0,"comment_status":"open","ping_status":"open","sticky":false,"template":"","format":"standard","meta":{"footnotes":""},"categories":[1],"tags":[7538,2,7539,6758],"class_list":["post-5625","post","type-post","status-publish","format-standard","hentry","category-sem-categoria","tag-batista-lima-substitui-edson-lima-na-gatinha-manhosa-hoje-em-caruaru","tag-blog-do-edvaldo-magalhaes","tag-patio-de-eventos-luiz-lua-gonzaga","tag-sao-joao"],"_links":{"self":[{"href":"https:\/\/blogdoedvaldomagalhaes.com.br\/index.php\/wp-json\/wp\/v2\/posts\/5625","targetHints":{"allow":["GET"]}}],"collection":[{"href":"https:\/\/blogdoedvaldomagalhaes.com.br\/index.php\/wp-json\/wp\/v2\/posts"}],"about":[{"href":"https:\/\/blogdoedvaldomagalhaes.com.br\/index.php\/wp-json\/wp\/v2\/types\/post"}],"author":[{"embeddable":true,"href":"https:\/\/blogdoedvaldomagalhaes.com.br\/index.php\/wp-json\/wp\/v2\/users\/1"}],"replies":[{"embeddable":true,"href":"https:\/\/blogdoedvaldomagalhaes.com.br\/index.php\/wp-json\/wp\/v2\/comments?post=5625"}],"version-history":[{"count":1,"href":"https:\/\/blogdoedvaldomagalhaes.com.br\/index.php\/wp-json\/wp\/v2\/posts\/5625\/revisions"}],"predecessor-version":[{"id":20983,"href":"https:\/\/blogdoedvaldomagalhaes.com.br\/index.php\/wp-json\/wp\/v2\/posts\/5625\/revisions\/20983"}],"wp:attachment":[{"href":"https:\/\/blogdoedvaldomagalhaes.com.br\/index.php\/wp-json\/wp\/v2\/media?parent=5625"}],"wp:term":[{"taxonomy":"category","embeddable":true,"href":"https:\/\/blogdoedvaldomagalhaes.com.br\/index.php\/wp-json\/wp\/v2\/categories?post=5625"},{"taxonomy":"post_tag","embeddable":true,"href":"https:\/\/blogdoedvaldomagalhaes.com.br\/index.php\/wp-json\/wp\/v2\/tags?post=5625"}],"curies":[{"name":"wp","href":"https:\/\/api.w.org\/{rel}","templated":true}]}}