{"id":5615,"date":"2017-06-19T21:43:00","date_gmt":"2017-06-20T00:43:00","guid":{"rendered":"http:\/\/blogdoedvaldomagalhaes.com.br\/index.php\/2017\/06\/19\/cinquenta-artistas-de-caruaru-vao-se\/"},"modified":"2019-02-09T01:31:47","modified_gmt":"2019-02-09T03:31:47","slug":"cinquenta-artistas-de-caruaru-vao-se","status":"publish","type":"post","link":"https:\/\/blogdoedvaldomagalhaes.com.br\/index.php\/2017\/06\/19\/cinquenta-artistas-de-caruaru-vao-se\/","title":{"rendered":"Cinquenta artistas de Caruaru v\u00e3o se apresentar na Avenida Paulista-SP"},"content":{"rendered":"<div class=\"separator\" style=\"clear: both; text-align: center;\">\n<a href=\"https:\/\/4.bp.blogspot.com\/-kuhlPqf1WEQ\/WUhFGAL0h0I\/AAAAAAAAXts\/mysg0UaD3akD8EKgSNyamYbENy5vkqp9QCLcBGAs\/s1600\/sp.jpg\" imageanchor=\"1\" style=\"margin-left: 1em; margin-right: 1em;\"><img loading=\"lazy\" decoding=\"async\" border=\"0\" data-original-height=\"659\" data-original-width=\"988\" height=\"266\" src=\"http:\/\/blogdoedvaldomagalhaes.com.br\/wp-content\/uploads\/2017\/06\/sp.jpg\" width=\"400\" \/><\/a><\/div>\n<div class=\"MsoNormal\" style=\"text-align: justify;\">\n<\/div>\n<div class=\"MsoNormal\" style=\"text-align: justify;\">\nO S\u00e3o Jo\u00e3o de Caruaru vai<br \/>\ninvadir a Avenida Paulista em S\u00e3o Paulo. Cinquenta artistas caruaruenses ir\u00e3o<br \/>\npromover uma tarde junina na avenida mais movimentada da capital paulista. O<br \/>\ngrupo que ir\u00e1 se apresentar \u00e9 composto por bacamarteiros, trios de forr\u00f3 p\u00e9 de<br \/>\nserra, quadrilha junina e atores, que far\u00e3o uma prociss\u00e3o em homenagem a S\u00e3o<br \/>\nJo\u00e3o.<\/div>\n<div class=\"MsoNormal\" style=\"text-align: justify;\">\n<\/div>\n<div class=\"MsoNormal\" style=\"text-align: justify;\">\nA apresenta\u00e7\u00e3o do grupo ser\u00e1<br \/>\nno dia 25 de junho, um domingo, quando a Avenida Paulista \u00e9 fechada para<br \/>\natividades culturais e esportivas, e ocorrer\u00e1 na frente da Federa\u00e7\u00e3o das<br \/>\nInd\u00fastrias do Estado de S\u00e3o Paulo (Fiesp). Al\u00e9m das apresenta\u00e7\u00f5es art\u00edsticas, Caruaru<br \/>\nlevar\u00e1 cinco barracas com comidas t\u00edpicas juninas, como pamonha, canjica e<br \/>\nmilho cozido, e cinco barracas com artesanato, feitos de barro, palha, couro,<br \/>\ntecido e bordados.<\/div>\n<div class=\"MsoNormal\" style=\"text-align: justify;\">\n<\/div>\n<div class=\"MsoNormal\" style=\"text-align: justify;\">\nOs artistas ir\u00e3o embarcar,<br \/>\nno Aeroporto do Recife, no dia 25, \u00e0s 5h. Ir\u00e3o viajar integrantes do Batalh\u00e3o<br \/>\nde Bacamarteiros 56, os trios p\u00e9 de serra Fole de Ouro e Capital do Forr\u00f3, 16<br \/>\nmembros da Quadrilha Junina Molecodrilha e um grupo de atores caruaruenses, que<br \/>\nencenar\u00e3o a prociss\u00e3o, com direito a apresenta\u00e7\u00f5es de cartomante, rezadeira,<br \/>\nfofoqueiras e um padre.<\/div>\n<div class=\"MsoNormal\" style=\"text-align: justify;\">\n<\/div>\n<div class=\"MsoNormal\" style=\"text-align: justify;\">\nSegundo o assessor especial<br \/>\nda Prefeitura de Caruaru, Jos\u00e9 Pereira de Sousa, o convite da Fiesp \u00e9 um espa\u00e7o<br \/>\nimportante para a cultura do munic\u00edpio. \u201cN\u00f3s iremos mostrar Caruaru na avenida<br \/>\nmais famosa do pa\u00eds. A Paulista fica fechada para receber o que h\u00e1 de melhor na<br \/>\ncultura. Iremos levar um grupo de 50 artistas para mostrar o que Caruaru tem de<br \/>\nmais bonito, que \u00e9 a nossa cultura. Ser\u00e1 uma tarde de S\u00e3o Jo\u00e3o na avenida mais<br \/>\nmovimentada de S\u00e3o Paulo\u201d, completa.<\/div>\n<div class=\"MsoNormal\" style=\"text-align: justify;\">\n<\/div>\n<p><\/p>\n<div class=\"MsoNormal\" style=\"text-align: justify;\">\nA apresenta\u00e7\u00e3o dos<br \/>\ncaruaruenses ser\u00e1 a partir das 12h, quando a Avenida Paulista \u00e9 fechada para o<br \/>\ntr\u00e1fego de ve\u00edculos em todos os sentidos.<\/div>\n<div class=\"separator\" style=\"clear: both; text-align: center;\">\n<a href=\"http:\/\/blogdoedvaldomagalhaes.com.br\/wp-content\/uploads\/2017\/06\/7-Sintracon-8.jpg\" imageanchor=\"1\" style=\"clear: left; float: left; margin-bottom: 1em; margin-right: 1em;\"><img decoding=\"async\" border=\"0\" data-original-height=\"100\" data-original-width=\"570\" src=\"http:\/\/blogdoedvaldomagalhaes.com.br\/wp-content\/uploads\/2017\/06\/7-Sintracon-8.jpg\" \/><\/a><\/div>\n<div class=\"MsoNormal\" style=\"text-align: justify;\">\n<\/div>\n","protected":false},"excerpt":{"rendered":"<p>O S\u00e3o Jo\u00e3o de Caruaru vai invadir a Avenida Paulista em S\u00e3o Paulo. Cinquenta artistas caruaruenses ir\u00e3o promover uma tarde&hellip;<\/p>\n","protected":false},"author":1,"featured_media":0,"comment_status":"open","ping_status":"open","sticky":false,"template":"","format":"standard","meta":{"footnotes":""},"categories":[1],"tags":[2,7524,6758],"class_list":["post-5615","post","type-post","status-publish","format-standard","hentry","category-sem-categoria","tag-blog-do-edvaldo-magalhaes","tag-cinquenta-artistas-de-caruaru-vao-se-apresentar-na-avenida-paulista-sp","tag-sao-joao"],"_links":{"self":[{"href":"https:\/\/blogdoedvaldomagalhaes.com.br\/index.php\/wp-json\/wp\/v2\/posts\/5615","targetHints":{"allow":["GET"]}}],"collection":[{"href":"https:\/\/blogdoedvaldomagalhaes.com.br\/index.php\/wp-json\/wp\/v2\/posts"}],"about":[{"href":"https:\/\/blogdoedvaldomagalhaes.com.br\/index.php\/wp-json\/wp\/v2\/types\/post"}],"author":[{"embeddable":true,"href":"https:\/\/blogdoedvaldomagalhaes.com.br\/index.php\/wp-json\/wp\/v2\/users\/1"}],"replies":[{"embeddable":true,"href":"https:\/\/blogdoedvaldomagalhaes.com.br\/index.php\/wp-json\/wp\/v2\/comments?post=5615"}],"version-history":[{"count":1,"href":"https:\/\/blogdoedvaldomagalhaes.com.br\/index.php\/wp-json\/wp\/v2\/posts\/5615\/revisions"}],"predecessor-version":[{"id":21030,"href":"https:\/\/blogdoedvaldomagalhaes.com.br\/index.php\/wp-json\/wp\/v2\/posts\/5615\/revisions\/21030"}],"wp:attachment":[{"href":"https:\/\/blogdoedvaldomagalhaes.com.br\/index.php\/wp-json\/wp\/v2\/media?parent=5615"}],"wp:term":[{"taxonomy":"category","embeddable":true,"href":"https:\/\/blogdoedvaldomagalhaes.com.br\/index.php\/wp-json\/wp\/v2\/categories?post=5615"},{"taxonomy":"post_tag","embeddable":true,"href":"https:\/\/blogdoedvaldomagalhaes.com.br\/index.php\/wp-json\/wp\/v2\/tags?post=5615"}],"curies":[{"name":"wp","href":"https:\/\/api.w.org\/{rel}","templated":true}]}}