{"id":55407,"date":"2020-05-10T18:51:36","date_gmt":"2020-05-10T21:51:36","guid":{"rendered":"https:\/\/blogdoedvaldomagalhaes.com.br\/?p=55407"},"modified":"2020-05-10T18:51:42","modified_gmt":"2020-05-10T21:51:42","slug":"covid-19-caruaru-tem-101-casos-confirmados-e-12-obitos","status":"publish","type":"post","link":"https:\/\/blogdoedvaldomagalhaes.com.br\/index.php\/2020\/05\/10\/covid-19-caruaru-tem-101-casos-confirmados-e-12-obitos\/","title":{"rendered":"Covid-19: Caruaru tem 101 casos confirmados e 12 \u00f3bitos"},"content":{"rendered":"<p><span style=\"font-size: inherit;\">Boletim \u2013 10.05, \u00e0s 18h<\/span><\/p>\n<p style=\"text-align: justify;\">A Secretaria de Sa\u00fade de Caruaru informa, neste domingo (10), mais 02 casos positivos de Covid-19, inclu\u00edndo um \u00f3bito.<\/p>\n<p style=\"text-align: justify;\">Paciente:<br \/>&#8211; 40 anos, quadro de sa\u00fade est\u00e1vel e em isolamento domiciliar.<\/p>\n<p style=\"text-align: justify;\">\u00d3bito:<br \/>&#8211; 86 anos, com comorbidades.<\/p>\n<p style=\"text-align: justify;\">Caruaru conta, agora, com 101 casos confirmados de Covid-19, incluindo 12 \u00f3bitos.<\/p>\n\n\n<figure class=\"wp-block-image size-large\"><img loading=\"lazy\" decoding=\"async\" width=\"1024\" height=\"1024\" src=\"https:\/\/blogdoedvaldomagalhaes.com.br\/wp-content\/uploads\/2020\/05\/IMG-20200510-WA0151-1024x1024.jpg\" alt=\"\" class=\"wp-image-55409\" srcset=\"https:\/\/blogdoedvaldomagalhaes.com.br\/wp-content\/uploads\/2020\/05\/IMG-20200510-WA0151-1024x1024.jpg 1024w, https:\/\/blogdoedvaldomagalhaes.com.br\/wp-content\/uploads\/2020\/05\/IMG-20200510-WA0151-300x300.jpg 300w, https:\/\/blogdoedvaldomagalhaes.com.br\/wp-content\/uploads\/2020\/05\/IMG-20200510-WA0151-150x150.jpg 150w, https:\/\/blogdoedvaldomagalhaes.com.br\/wp-content\/uploads\/2020\/05\/IMG-20200510-WA0151-768x768.jpg 768w, https:\/\/blogdoedvaldomagalhaes.com.br\/wp-content\/uploads\/2020\/05\/IMG-20200510-WA0151.jpg 1280w\" sizes=\"auto, (max-width: 1024px) 100vw, 1024px\" \/><\/figure>\n","protected":false},"excerpt":{"rendered":"<p>Boletim \u2013 10.05, \u00e0s 18h A Secretaria de Sa\u00fade de Caruaru informa, neste domingo (10), mais 02 casos positivos de&hellip;<\/p>\n","protected":false},"author":1,"featured_media":55408,"comment_status":"open","ping_status":"open","sticky":false,"template":"","format":"standard","meta":{"footnotes":""},"categories":[14120],"tags":[2,17948,18145],"class_list":["post-55407","post","type-post","status-publish","format-standard","has-post-thumbnail","hentry","category-noticias","tag-blog-do-edvaldo-magalhaes","tag-coronavirus-2","tag-covid-19-caruaru-tem-101-casos-confirmados-e-12-obitos"],"_links":{"self":[{"href":"https:\/\/blogdoedvaldomagalhaes.com.br\/index.php\/wp-json\/wp\/v2\/posts\/55407","targetHints":{"allow":["GET"]}}],"collection":[{"href":"https:\/\/blogdoedvaldomagalhaes.com.br\/index.php\/wp-json\/wp\/v2\/posts"}],"about":[{"href":"https:\/\/blogdoedvaldomagalhaes.com.br\/index.php\/wp-json\/wp\/v2\/types\/post"}],"author":[{"embeddable":true,"href":"https:\/\/blogdoedvaldomagalhaes.com.br\/index.php\/wp-json\/wp\/v2\/users\/1"}],"replies":[{"embeddable":true,"href":"https:\/\/blogdoedvaldomagalhaes.com.br\/index.php\/wp-json\/wp\/v2\/comments?post=55407"}],"version-history":[{"count":1,"href":"https:\/\/blogdoedvaldomagalhaes.com.br\/index.php\/wp-json\/wp\/v2\/posts\/55407\/revisions"}],"predecessor-version":[{"id":55410,"href":"https:\/\/blogdoedvaldomagalhaes.com.br\/index.php\/wp-json\/wp\/v2\/posts\/55407\/revisions\/55410"}],"wp:featuredmedia":[{"embeddable":true,"href":"https:\/\/blogdoedvaldomagalhaes.com.br\/index.php\/wp-json\/wp\/v2\/media\/55408"}],"wp:attachment":[{"href":"https:\/\/blogdoedvaldomagalhaes.com.br\/index.php\/wp-json\/wp\/v2\/media?parent=55407"}],"wp:term":[{"taxonomy":"category","embeddable":true,"href":"https:\/\/blogdoedvaldomagalhaes.com.br\/index.php\/wp-json\/wp\/v2\/categories?post=55407"},{"taxonomy":"post_tag","embeddable":true,"href":"https:\/\/blogdoedvaldomagalhaes.com.br\/index.php\/wp-json\/wp\/v2\/tags?post=55407"}],"curies":[{"name":"wp","href":"https:\/\/api.w.org\/{rel}","templated":true}]}}