{"id":55402,"date":"2020-05-10T18:04:31","date_gmt":"2020-05-10T21:04:31","guid":{"rendered":"https:\/\/blogdoedvaldomagalhaes.com.br\/?p=55402"},"modified":"2020-05-10T18:06:46","modified_gmt":"2020-05-10T21:06:46","slug":"pt-oficializa-pre-candidatura-de-marcelo-rodrigues-a-prefeito-em-caruaru","status":"publish","type":"post","link":"https:\/\/blogdoedvaldomagalhaes.com.br\/index.php\/2020\/05\/10\/pt-oficializa-pre-candidatura-de-marcelo-rodrigues-a-prefeito-em-caruaru\/","title":{"rendered":"PT oficializa pr\u00e9-candidatura de Marcelo Rodrigues a prefeito em Caruaru"},"content":{"rendered":"<p style=\"text-align: justify;\"><span style=\"font-size: inherit;\">Ap\u00f3s um longo per\u00edodo de debates internos no Partido dos Trabalhadores, o nome do advogado e ambientalista Marcelo Rodrigues foi referendado pelos delegados no encontro municipal para concorrer \u00e0s elei\u00e7\u00f5es deste ano. O pr\u00e9-candidato recebeu cerca de 70% dos votos e vai representar a legenda na disputa pela Prefeitura de Caruaru. Seguindo as medidas recomendadas pelas organiza\u00e7\u00f5es de sa\u00fade, o encontro aconteceu por meio de videoconfer\u00eancia.<\/span><\/p>\n<p style=\"text-align: justify;\">Com larga experi\u00eancia em administra\u00e7\u00e3o p\u00fablica, o petista j\u00e1 exerceu o cargo de secret\u00e1rio de Meio Ambiente na Prefeitura do Recife e pretende apresentar aos caruaruenses um Programa de Governo com a cara do partido. \u201cNossa candidatura representar\u00e1 o di\u00e1logo com o povo, com todos os seguimentos da classe trabalhadora e com os setores produtivos de nossa cidade. Vamos apresentar para a sociedade caruaruense como se governa com democracia e sustentabilidade, com um olhar no presente e futuro de nossa cidade, com muita responsabilidade e transpar\u00eancia\u201d, afirma Rodrigues.<\/p>\n<p style=\"text-align: justify;\">Uma das prioridades do PT \u00e9 aumentar o seu espa\u00e7o na C\u00e2mara Municipal. Atualmente o partido conta com 31 pr\u00e9-candidatos, mas a expectativa \u00e9 de que at\u00e9 o segundo semestre, quando devem acontecer as Conven\u00e7\u00f5es Municipais, a sigla alcance os 35 \u2013 n\u00famero m\u00e1ximo permitido em Caruaru. O PT j\u00e1 tem realizado conversas com outros partidos de esquerda, com a inten\u00e7\u00e3o de montar uma frente ampla que possa apresentar um projeto para a cidade.<\/p>\n","protected":false},"excerpt":{"rendered":"<p>Ap\u00f3s um longo per\u00edodo de debates internos no Partido dos Trabalhadores, o nome do advogado e ambientalista Marcelo Rodrigues foi&hellip;<\/p>\n","protected":false},"author":1,"featured_media":55404,"comment_status":"open","ping_status":"open","sticky":false,"template":"","format":"standard","meta":{"footnotes":""},"categories":[14122],"tags":[],"class_list":["post-55402","post","type-post","status-publish","format-standard","has-post-thumbnail","hentry","category-politica"],"_links":{"self":[{"href":"https:\/\/blogdoedvaldomagalhaes.com.br\/index.php\/wp-json\/wp\/v2\/posts\/55402","targetHints":{"allow":["GET"]}}],"collection":[{"href":"https:\/\/blogdoedvaldomagalhaes.com.br\/index.php\/wp-json\/wp\/v2\/posts"}],"about":[{"href":"https:\/\/blogdoedvaldomagalhaes.com.br\/index.php\/wp-json\/wp\/v2\/types\/post"}],"author":[{"embeddable":true,"href":"https:\/\/blogdoedvaldomagalhaes.com.br\/index.php\/wp-json\/wp\/v2\/users\/1"}],"replies":[{"embeddable":true,"href":"https:\/\/blogdoedvaldomagalhaes.com.br\/index.php\/wp-json\/wp\/v2\/comments?post=55402"}],"version-history":[{"count":1,"href":"https:\/\/blogdoedvaldomagalhaes.com.br\/index.php\/wp-json\/wp\/v2\/posts\/55402\/revisions"}],"predecessor-version":[{"id":55403,"href":"https:\/\/blogdoedvaldomagalhaes.com.br\/index.php\/wp-json\/wp\/v2\/posts\/55402\/revisions\/55403"}],"wp:featuredmedia":[{"embeddable":true,"href":"https:\/\/blogdoedvaldomagalhaes.com.br\/index.php\/wp-json\/wp\/v2\/media\/55404"}],"wp:attachment":[{"href":"https:\/\/blogdoedvaldomagalhaes.com.br\/index.php\/wp-json\/wp\/v2\/media?parent=55402"}],"wp:term":[{"taxonomy":"category","embeddable":true,"href":"https:\/\/blogdoedvaldomagalhaes.com.br\/index.php\/wp-json\/wp\/v2\/categories?post=55402"},{"taxonomy":"post_tag","embeddable":true,"href":"https:\/\/blogdoedvaldomagalhaes.com.br\/index.php\/wp-json\/wp\/v2\/tags?post=55402"}],"curies":[{"name":"wp","href":"https:\/\/api.w.org\/{rel}","templated":true}]}}