{"id":554,"date":"2018-12-01T14:41:00","date_gmt":"2018-12-01T16:41:00","guid":{"rendered":"http:\/\/blogdoedvaldomagalhaes.com.br\/index.php\/2018\/12\/01\/estudos-apontam-chuva-abaixo-da-media\/"},"modified":"2019-02-09T02:43:50","modified_gmt":"2019-02-09T04:43:50","slug":"estudos-apontam-chuva-abaixo-da-media","status":"publish","type":"post","link":"https:\/\/blogdoedvaldomagalhaes.com.br\/index.php\/2018\/12\/01\/estudos-apontam-chuva-abaixo-da-media\/","title":{"rendered":"Estudos apontam chuva abaixo da m\u00e9dia no trimestre dezembro-janeiro-fevereiro no Nordeste"},"content":{"rendered":"<div class=\"separator\" style=\"clear: both; text-align: center;\">\n<a href=\"https:\/\/4.bp.blogspot.com\/-cMwdOEbHDBA\/XAKdYIdi_DI\/AAAAAAAA-tk\/3jfCt9bws5MtA5KHZU8EOQZyKpNHIS-SwCLcBGAs\/s1600\/hp.jpg\" imageanchor=\"1\" style=\"margin-left: 1em; margin-right: 1em;\"><img loading=\"lazy\" decoding=\"async\" border=\"0\" data-original-height=\"225\" data-original-width=\"300\" height=\"480\" src=\"http:\/\/blogdoedvaldomagalhaes.com.br\/wp-content\/uploads\/2018\/12\/hp.jpg\" width=\"640\" \/><\/a><\/div>\n<div class=\"separator\" style=\"clear: both; text-align: center;\">\nFoto: Helenivaldo Pereira<\/div>\n<div style=\"background-color: white; box-sizing: border-box; line-height: 24px; margin-bottom: 10px; text-align: justify;\">\n<\/div>\n<div style=\"background-color: white; box-sizing: border-box; line-height: 24px; margin-bottom: 10px; text-align: justify;\">\nTempo firme e ensolarado neste s\u00e1bado (01), em Caruaru, Agreste pernambucano. O dia come\u00e7ou com temperatura de 25\u00baC.<\/div>\n<div style=\"background-color: white; box-sizing: border-box; line-height: 24px; margin-bottom: 10px; text-align: justify;\">\nA previs\u00e3o para o fim de semana \u00e9 de pancadas de chuva e trovoadas isoladas no Sert\u00e3o. Trovoadas tamb\u00e9m no Maranh\u00e3o, Piau\u00ed, Cear\u00e1, Rio Grande do Norte e Bahia.<\/div>\n<div style=\"background-color: white; box-sizing: border-box; line-height: 24px; margin-bottom: 10px; text-align: justify;\">\nNesta sexta-feira (30), foi realizada reuni\u00e3o mensal de an\u00e1lise e previs\u00e3o clim\u00e1tica para o trimestre dezembro, janeiro e fevereiro. O encontro foi realizado no audit\u00f3rio do Centro de Previs\u00e3o de Tempo e Estudos Clim\u00e1ticos, em Cachoeira Paulista, S\u00e3o Paulo, com a participa\u00e7\u00e3o da Ag\u00eancia Pernambucana de \u00c1guas e Clima (Apac). Destaque para o fen\u00f4meno El Ni\u00f1o, que pode ser negativo para as esta\u00e7\u00f5es chuvosas do Nordeste.<\/div>\n<div style=\"background-color: white; box-sizing: border-box; line-height: 24px; margin-bottom: 10px; text-align: justify;\">\nOs par\u00e2metros oce\u00e2nicos e atmosf\u00e9ricos apontam que o acumulado das chuvas para o trimestre dever\u00e1 ficar abaixo da climatologia na regi\u00e3o do Sert\u00e3o e de normal a abaixo da m\u00e9dia no Agreste, Zona da Mata e Regi\u00e3o Metropolitana do Recife.<\/div>\n<div style=\"background-color: white; box-sizing: border-box; line-height: 24px; margin-bottom: 10px; text-align: justify;\">\nFonte: R\u00e1dio Liberdade.<\/div>\n","protected":false},"excerpt":{"rendered":"<p>Foto: Helenivaldo Pereira Tempo firme e ensolarado neste s\u00e1bado (01), em Caruaru, Agreste pernambucano. O dia come\u00e7ou com temperatura de&hellip;<\/p>\n","protected":false},"author":1,"featured_media":0,"comment_status":"open","ping_status":"open","sticky":false,"template":"","format":"standard","meta":{"footnotes":""},"categories":[1],"tags":[2,469,6],"class_list":["post-554","post","type-post","status-publish","format-standard","hentry","category-sem-categoria","tag-blog-do-edvaldo-magalhaes","tag-estudos-apontam-chuva-abaixo-da-media-no-trimestre-dezembro-janeiro-fevereiro-no-nordeste","tag-noticias"],"_links":{"self":[{"href":"https:\/\/blogdoedvaldomagalhaes.com.br\/index.php\/wp-json\/wp\/v2\/posts\/554","targetHints":{"allow":["GET"]}}],"collection":[{"href":"https:\/\/blogdoedvaldomagalhaes.com.br\/index.php\/wp-json\/wp\/v2\/posts"}],"about":[{"href":"https:\/\/blogdoedvaldomagalhaes.com.br\/index.php\/wp-json\/wp\/v2\/types\/post"}],"author":[{"embeddable":true,"href":"https:\/\/blogdoedvaldomagalhaes.com.br\/index.php\/wp-json\/wp\/v2\/users\/1"}],"replies":[{"embeddable":true,"href":"https:\/\/blogdoedvaldomagalhaes.com.br\/index.php\/wp-json\/wp\/v2\/comments?post=554"}],"version-history":[{"count":1,"href":"https:\/\/blogdoedvaldomagalhaes.com.br\/index.php\/wp-json\/wp\/v2\/posts\/554\/revisions"}],"predecessor-version":[{"id":36347,"href":"https:\/\/blogdoedvaldomagalhaes.com.br\/index.php\/wp-json\/wp\/v2\/posts\/554\/revisions\/36347"}],"wp:attachment":[{"href":"https:\/\/blogdoedvaldomagalhaes.com.br\/index.php\/wp-json\/wp\/v2\/media?parent=554"}],"wp:term":[{"taxonomy":"category","embeddable":true,"href":"https:\/\/blogdoedvaldomagalhaes.com.br\/index.php\/wp-json\/wp\/v2\/categories?post=554"},{"taxonomy":"post_tag","embeddable":true,"href":"https:\/\/blogdoedvaldomagalhaes.com.br\/index.php\/wp-json\/wp\/v2\/tags?post=554"}],"curies":[{"name":"wp","href":"https:\/\/api.w.org\/{rel}","templated":true}]}}