{"id":55392,"date":"2020-05-10T15:27:35","date_gmt":"2020-05-10T18:27:35","guid":{"rendered":"http:\/\/blogdoedvaldomagalhaes.com.br\/?p=55392"},"modified":"2020-05-10T18:37:59","modified_gmt":"2020-05-10T21:37:59","slug":"caminhao-capota-na-br-232-e-motorista-morre","status":"publish","type":"post","link":"https:\/\/blogdoedvaldomagalhaes.com.br\/index.php\/2020\/05\/10\/caminhao-capota-na-br-232-e-motorista-morre\/","title":{"rendered":"Caminh\u00e3o capota na BR-232 e motorista morre"},"content":{"rendered":"<p style=\"text-align: justify;\">O acidente ocorreu por volta das 13h no km 114 da BR 232, em Encruzilhada de S\u00e3o Jo\u00e3o, no sentido interior. O <span style=\"font-size: inherit;\">motorista Ciro Alves de Carvalho, de 63 anos, que era de Aracaj\u00fa, Sergipe, gu<\/span><span style=\"font-size: inherit;\">iava um caminh\u00e3o ba\u00fa, quando um pneu dianteiro estourou, perdeu o controle, capotou o caminh\u00e3o e morreu no local. O<\/span><span style=\"font-size: inherit;\"> corpo foi levado para o IML de Caruaru.<\/span><\/p>\n\n\n<figure class=\"wp-block-image size-large\"><img loading=\"lazy\" decoding=\"async\" width=\"1024\" height=\"498\" src=\"http:\/\/blogdoedvaldomagalhaes.com.br\/wp-content\/uploads\/2020\/05\/IMG-20200510-WA0171-1024x498.jpg\" alt=\"\" class=\"wp-image-55393\" srcset=\"https:\/\/blogdoedvaldomagalhaes.com.br\/wp-content\/uploads\/2020\/05\/IMG-20200510-WA0171-1024x498.jpg 1024w, https:\/\/blogdoedvaldomagalhaes.com.br\/wp-content\/uploads\/2020\/05\/IMG-20200510-WA0171-300x146.jpg 300w, https:\/\/blogdoedvaldomagalhaes.com.br\/wp-content\/uploads\/2020\/05\/IMG-20200510-WA0171-768x373.jpg 768w, https:\/\/blogdoedvaldomagalhaes.com.br\/wp-content\/uploads\/2020\/05\/IMG-20200510-WA0171.jpg 1280w\" sizes=\"auto, (max-width: 1024px) 100vw, 1024px\" \/><\/figure>\n\n\n\n<figure class=\"wp-block-image size-large\"><img loading=\"lazy\" decoding=\"async\" width=\"1024\" height=\"498\" src=\"http:\/\/blogdoedvaldomagalhaes.com.br\/wp-content\/uploads\/2020\/05\/IMG-20200510-WA0170-1024x498.jpg\" alt=\"\" class=\"wp-image-55394\" srcset=\"https:\/\/blogdoedvaldomagalhaes.com.br\/wp-content\/uploads\/2020\/05\/IMG-20200510-WA0170-1024x498.jpg 1024w, https:\/\/blogdoedvaldomagalhaes.com.br\/wp-content\/uploads\/2020\/05\/IMG-20200510-WA0170-300x146.jpg 300w, https:\/\/blogdoedvaldomagalhaes.com.br\/wp-content\/uploads\/2020\/05\/IMG-20200510-WA0170-768x373.jpg 768w, https:\/\/blogdoedvaldomagalhaes.com.br\/wp-content\/uploads\/2020\/05\/IMG-20200510-WA0170.jpg 1280w\" sizes=\"auto, (max-width: 1024px) 100vw, 1024px\" \/><\/figure>\n\n\n\n<figure class=\"wp-block-image size-large\"><img loading=\"lazy\" decoding=\"async\" width=\"1024\" height=\"498\" src=\"http:\/\/blogdoedvaldomagalhaes.com.br\/wp-content\/uploads\/2020\/05\/IMG-20200510-WA0169-1024x498.jpg\" alt=\"\" class=\"wp-image-55395\" srcset=\"https:\/\/blogdoedvaldomagalhaes.com.br\/wp-content\/uploads\/2020\/05\/IMG-20200510-WA0169-1024x498.jpg 1024w, https:\/\/blogdoedvaldomagalhaes.com.br\/wp-content\/uploads\/2020\/05\/IMG-20200510-WA0169-300x146.jpg 300w, https:\/\/blogdoedvaldomagalhaes.com.br\/wp-content\/uploads\/2020\/05\/IMG-20200510-WA0169-768x373.jpg 768w, https:\/\/blogdoedvaldomagalhaes.com.br\/wp-content\/uploads\/2020\/05\/IMG-20200510-WA0169.jpg 1280w\" sizes=\"auto, (max-width: 1024px) 100vw, 1024px\" \/><figcaption>Fotos: PRF\/Divulga\u00e7\u00e3o <\/figcaption><\/figure>\n","protected":false},"excerpt":{"rendered":"<p>O acidente ocorreu por volta das 13h no km 114 da BR 232, em Encruzilhada de S\u00e3o Jo\u00e3o, no sentido&hellip;<\/p>\n","protected":false},"author":1,"featured_media":55386,"comment_status":"open","ping_status":"open","sticky":false,"template":"","format":"standard","meta":{"footnotes":""},"categories":[14120],"tags":[546,2,18141,16881,2828,287],"class_list":["post-55392","post","type-post","status-publish","format-standard","has-post-thumbnail","hentry","category-noticias","tag-agreste-de-pernambuco","tag-blog-do-edvaldo-magalhaes","tag-caminhao-capota-na-br-232-e-motorista-morre","tag-caruaru-e-regiao","tag-encruzilhada-de-sao-joao","tag-prf"],"_links":{"self":[{"href":"https:\/\/blogdoedvaldomagalhaes.com.br\/index.php\/wp-json\/wp\/v2\/posts\/55392","targetHints":{"allow":["GET"]}}],"collection":[{"href":"https:\/\/blogdoedvaldomagalhaes.com.br\/index.php\/wp-json\/wp\/v2\/posts"}],"about":[{"href":"https:\/\/blogdoedvaldomagalhaes.com.br\/index.php\/wp-json\/wp\/v2\/types\/post"}],"author":[{"embeddable":true,"href":"https:\/\/blogdoedvaldomagalhaes.com.br\/index.php\/wp-json\/wp\/v2\/users\/1"}],"replies":[{"embeddable":true,"href":"https:\/\/blogdoedvaldomagalhaes.com.br\/index.php\/wp-json\/wp\/v2\/comments?post=55392"}],"version-history":[{"count":4,"href":"https:\/\/blogdoedvaldomagalhaes.com.br\/index.php\/wp-json\/wp\/v2\/posts\/55392\/revisions"}],"predecessor-version":[{"id":55406,"href":"https:\/\/blogdoedvaldomagalhaes.com.br\/index.php\/wp-json\/wp\/v2\/posts\/55392\/revisions\/55406"}],"wp:featuredmedia":[{"embeddable":true,"href":"https:\/\/blogdoedvaldomagalhaes.com.br\/index.php\/wp-json\/wp\/v2\/media\/55386"}],"wp:attachment":[{"href":"https:\/\/blogdoedvaldomagalhaes.com.br\/index.php\/wp-json\/wp\/v2\/media?parent=55392"}],"wp:term":[{"taxonomy":"category","embeddable":true,"href":"https:\/\/blogdoedvaldomagalhaes.com.br\/index.php\/wp-json\/wp\/v2\/categories?post=55392"},{"taxonomy":"post_tag","embeddable":true,"href":"https:\/\/blogdoedvaldomagalhaes.com.br\/index.php\/wp-json\/wp\/v2\/tags?post=55392"}],"curies":[{"name":"wp","href":"https:\/\/api.w.org\/{rel}","templated":true}]}}