{"id":55377,"date":"2020-05-10T14:36:18","date_gmt":"2020-05-10T17:36:18","guid":{"rendered":"http:\/\/blogdoedvaldomagalhaes.com.br\/?p=55377"},"modified":"2020-05-10T14:46:55","modified_gmt":"2020-05-10T17:46:55","slug":"riacho-das-almas-confirma-primeiro-caso-de-covid-19","status":"publish","type":"post","link":"https:\/\/blogdoedvaldomagalhaes.com.br\/index.php\/2020\/05\/10\/riacho-das-almas-confirma-primeiro-caso-de-covid-19\/","title":{"rendered":"Riacho das Almas confirma primeiro caso de Covid-19"},"content":{"rendered":"<p style=\"text-align: justify;\"><span style=\"font-size: inherit;\">A Secretaria de Sa\u00fade de Riacho das Almas anuncia a confirma\u00e7\u00e3o do primeiro caso de Covid-19 no munic\u00edpio. A v\u00edtima \u00e9 um paciente de 26 anos, que est\u00e1 internado na UTI de um hospital particular de Caruaru-PE. O estado de sa\u00fade dele \u00e9 est\u00e1vel.<\/span><\/p>\n<p style=\"text-align: justify;\">Seguindo os protocolos dos \u00f3rg\u00e3os de sa\u00fade, a Secretaria de Sa\u00fade de Riacho das Almas informa que todas as medidas necess\u00e1rias est\u00e3o sendo tomadas em rela\u00e7\u00e3o aos familiares que tiveram contato prolongado com o paciente.<\/p>\n\n\n<figure class=\"wp-block-image size-large\"><img loading=\"lazy\" decoding=\"async\" width=\"1024\" height=\"924\" src=\"http:\/\/blogdoedvaldomagalhaes.com.br\/wp-content\/uploads\/2020\/05\/IMG-20200510-WA0076-1024x924.jpg\" alt=\"\" class=\"wp-image-55383\" srcset=\"https:\/\/blogdoedvaldomagalhaes.com.br\/wp-content\/uploads\/2020\/05\/IMG-20200510-WA0076-1024x924.jpg 1024w, https:\/\/blogdoedvaldomagalhaes.com.br\/wp-content\/uploads\/2020\/05\/IMG-20200510-WA0076-300x271.jpg 300w, https:\/\/blogdoedvaldomagalhaes.com.br\/wp-content\/uploads\/2020\/05\/IMG-20200510-WA0076-768x693.jpg 768w, https:\/\/blogdoedvaldomagalhaes.com.br\/wp-content\/uploads\/2020\/05\/IMG-20200510-WA0076.jpg 1276w\" sizes=\"auto, (max-width: 1024px) 100vw, 1024px\" \/><\/figure>\n","protected":false},"excerpt":{"rendered":"<p>A Secretaria de Sa\u00fade de Riacho das Almas anuncia a confirma\u00e7\u00e3o do primeiro caso de Covid-19 no munic\u00edpio. A v\u00edtima&hellip;<\/p>\n","protected":false},"author":1,"featured_media":55379,"comment_status":"open","ping_status":"open","sticky":false,"template":"","format":"standard","meta":{"footnotes":""},"categories":[14120],"tags":[2,17948,18139],"class_list":["post-55377","post","type-post","status-publish","format-standard","has-post-thumbnail","hentry","category-noticias","tag-blog-do-edvaldo-magalhaes","tag-coronavirus-2","tag-riacho-das-almas-confirma-primeiro-caso-de-covid-19"],"_links":{"self":[{"href":"https:\/\/blogdoedvaldomagalhaes.com.br\/index.php\/wp-json\/wp\/v2\/posts\/55377","targetHints":{"allow":["GET"]}}],"collection":[{"href":"https:\/\/blogdoedvaldomagalhaes.com.br\/index.php\/wp-json\/wp\/v2\/posts"}],"about":[{"href":"https:\/\/blogdoedvaldomagalhaes.com.br\/index.php\/wp-json\/wp\/v2\/types\/post"}],"author":[{"embeddable":true,"href":"https:\/\/blogdoedvaldomagalhaes.com.br\/index.php\/wp-json\/wp\/v2\/users\/1"}],"replies":[{"embeddable":true,"href":"https:\/\/blogdoedvaldomagalhaes.com.br\/index.php\/wp-json\/wp\/v2\/comments?post=55377"}],"version-history":[{"count":2,"href":"https:\/\/blogdoedvaldomagalhaes.com.br\/index.php\/wp-json\/wp\/v2\/posts\/55377\/revisions"}],"predecessor-version":[{"id":55384,"href":"https:\/\/blogdoedvaldomagalhaes.com.br\/index.php\/wp-json\/wp\/v2\/posts\/55377\/revisions\/55384"}],"wp:featuredmedia":[{"embeddable":true,"href":"https:\/\/blogdoedvaldomagalhaes.com.br\/index.php\/wp-json\/wp\/v2\/media\/55379"}],"wp:attachment":[{"href":"https:\/\/blogdoedvaldomagalhaes.com.br\/index.php\/wp-json\/wp\/v2\/media?parent=55377"}],"wp:term":[{"taxonomy":"category","embeddable":true,"href":"https:\/\/blogdoedvaldomagalhaes.com.br\/index.php\/wp-json\/wp\/v2\/categories?post=55377"},{"taxonomy":"post_tag","embeddable":true,"href":"https:\/\/blogdoedvaldomagalhaes.com.br\/index.php\/wp-json\/wp\/v2\/tags?post=55377"}],"curies":[{"name":"wp","href":"https:\/\/api.w.org\/{rel}","templated":true}]}}